{"id":2497,"date":"2023-12-21T10:59:00","date_gmt":"2023-12-21T13:59:00","guid":{"rendered":"https:\/\/enois.org\/?p=2497"},"modified":"2023-12-21T10:59:00","modified_gmt":"2023-12-21T13:59:00","slug":"retrospectiva-2023-enois-que-ta-junto-do-jornalismo-local","status":"publish","type":"post","link":"https:\/\/dev.enois.org\/en\/retrospectiva-2023-enois-que-ta-junto-do-jornalismo-local\/","title":{"rendered":"Retrospectiva 2023: \u00c9nois que t\u00e1 junto do jornalismo local!"},"content":{"rendered":"<p><em>Relembre com a gente o nosso ano de caminhada coletiva<\/em>\u2026<\/p>\n\n\n\n<p>H\u00e1 14 anos, a \u00c9nois trabalha por mais diversidade no jornalismo, um fazer que se atualiza de acordo com as mudan\u00e7as sociais, econ\u00f4micas, pol\u00edticas e tecnol\u00f3gicas que os territ\u00f3rios brasileiros e a comunica\u00e7\u00e3o vivenciam. Sejam em contextos de aprofundamento das desigualdades ou de fortalecimento da garantia de direitos e da democracia, estamos atentas.<\/p>\n\n\n\n<p>J\u00e1 tivemos muitas formas de atua\u00e7\u00e3o e, em 2023, nos consolidamos como uma rede tecida colaborativamente por quem acredita no jornalismo como pr\u00e1tica de transforma\u00e7\u00e3o das diversas realidades do pa\u00eds\u2026<\/p>\n\n\n\n<figure class=\"wp-block-image size-full\"><img loading=\"lazy\" decoding=\"async\" width=\"926\" height=\"265\" src=\"https:\/\/dev.enois.org\/wp-content\/uploads\/sites\/18\/2025\/09\/enoisprint1.png\" alt=\"\" class=\"wp-image-2499\" srcset=\"https:\/\/dev.enois.org\/wp-content\/uploads\/2025\/09\/enoisprint1.png 926w, https:\/\/dev.enois.org\/wp-content\/uploads\/2025\/09\/enoisprint1-300x86.png 300w, https:\/\/dev.enois.org\/wp-content\/uploads\/2025\/09\/enoisprint1-768x220.png 768w\" sizes=\"auto, (max-width: 926px) 100vw, 926px\" \/><\/figure>\n\n\n\n<p>J\u00e1 fomos uma organiza\u00e7\u00e3o com atua\u00e7\u00e3o local na cidade de S\u00e3o Paulo. Hoje, estamos em expans\u00e3o.&nbsp;<strong>Entre os estados com maior presen\u00e7a da \u00c9nois, lideram S\u00e3o Paulo (20%), Par\u00e1 (10%) e Pernambuco (8%), chegando nas regi\u00f5es Norte e Nordeste.<\/strong><\/p>\n\n\n\n<p><strong>E como \u00e9 que a gente tem feito isso?<\/strong><\/p>\n\n\n\n<p>2023 foi um ano de ousadia e ineditismo por aqui. Decidimos mapear o Retrato do Jornalismo Brasileiro, em uma pesquisa que faz parceria com o&nbsp;<a href=\"https:\/\/www.ceert.org.br\/\">Centro de Estudos das Rela\u00e7\u00f5es de Trabalho e Desigualdades (CEERT)<\/a>&nbsp;e a&nbsp;<a href=\"https:\/\/ajor.org.br\/\">Associa\u00e7\u00e3o de Jornalismo Digital (Ajor)<\/a>&nbsp;e teve patroc\u00ednio do&nbsp;<a href=\"https:\/\/newsinitiative.withgoogle.com\/pt-br\/about\/\">Google News Initiative<\/a>.<\/p>\n\n\n\n<p>Neste passo, tamb\u00e9m realizamos&nbsp;<a href=\"https:\/\/old.enoisconteudo.com.br\/prato-firmeza-5-lancamento\/\">o primeiro Prato Firmeza de abrang\u00eancia nacional<\/a>, que pautou a rela\u00e7\u00e3o entre campo e cidade na gastronomia perif\u00e9rica. E ao mesmo tempo, tamb\u00e9m fizemos&nbsp;<a href=\"https:\/\/old.enoisconteudo.com.br\/pratinho-firmeza-sp\/\">o Pratinho Firmeza SP, com foco no p\u00fablico infanto-juvenil<\/a>. Ambos projetos viabilizados por leis culturais, sendo o Pratinho com patroc\u00ednio da&nbsp;<a href=\"https:\/\/www.ticket.com.br\/\">Ticket<\/a>.<\/p>\n\n\n\n<p>De novos ares se fez aquilo que \u00e9 a nossa origem. Em 2023, colocamos no ar uma vers\u00e3o em&nbsp;<a href=\"https:\/\/old.enoisconteudo.com.br\/treinamento-sobre-justica-climatica-recebe-boas-avaliacoes-de-participantes\/\">Ensino \u00c0 Dist\u00e2ncia (EAD) da nossa Escola de Jornalismo<\/a>, que alcan\u00e7ou quase 500 pessoas, numa parceria com a Universidade Cat\u00f3lica de Pernambuco<a href=\"https:\/\/portal.unicap.br\/\">&nbsp;(Unicap)<\/a>&nbsp;e o&nbsp;<a href=\"https:\/\/climaesociedade.org\/\">Instituto Clima e Sociedade (iCS)<\/a>, com apoio tamb\u00e9m do Google News Initiative. Tamb\u00e9m levamos, junto \u00e0&nbsp;<a href=\"https:\/\/br.usembassy.gov\/pt\/\">Embaixada e Consulados EUA no Brasil<\/a>, 59 iniciativas de comunica\u00e7\u00e3o de todo o pa\u00eds para o&nbsp;<a href=\"https:\/\/old.enoisconteudo.com.br\/alimentar-o-jornalismo-local-e-fortalecer-territorios\/\">TechCamp Bel\u00e9m<\/a>, para construir caminhos para fortalecer o jornalismo local, diverso e sustent\u00e1vel.<\/p>\n\n\n\n<p>Lan\u00e7amos o Mapa do Jornalismo Local das regi\u00f5es Norte e Centro-Oeste, em Manaus (AM), em parceria com o Centro Popular de Comunica\u00e7\u00e3o e Audiovisual&nbsp;<a href=\"https:\/\/cpa.org.br\/\">(CPA)<\/a>, com a coordena\u00e7\u00e3o da jornalista J\u00e9ssica Botelho.<\/p>\n\n\n\n<p>Isso tudo nos constr\u00f3i como organiza\u00e7\u00e3o\u2026<\/p>\n\n\n\n<figure class=\"wp-block-image size-full\"><img loading=\"lazy\" decoding=\"async\" width=\"694\" height=\"263\" src=\"https:\/\/dev.enois.org\/wp-content\/uploads\/sites\/18\/2025\/09\/enoispirint2.png\" alt=\"\" class=\"wp-image-2500\" srcset=\"https:\/\/dev.enois.org\/wp-content\/uploads\/2025\/09\/enoispirint2.png 694w, https:\/\/dev.enois.org\/wp-content\/uploads\/2025\/09\/enoispirint2-300x114.png 300w\" sizes=\"auto, (max-width: 694px) 100vw, 694px\" \/><\/figure>\n\n\n\n<p><strong>Realizamos 64 forma\u00e7\u00f5es neste ano e 122 eventos com jornalistas locais. Distribu\u00edmos cerca de 40% do or\u00e7amento do ano para fortalecer 11 organiza\u00e7\u00f5es jornal\u00edsticas<\/strong>\u00a0\u2013 com forma\u00e7\u00f5es, apoios financeiros, materiais e parcerias \u2013 e\u00a0<strong>76 bolsas para jornalistas<\/strong>. Nesse passo, tamb\u00e9m\u00a0<strong>apoiamos a realiza\u00e7\u00e3o de 1.148 reportagens e a contrata\u00e7\u00e3o de 186 pessoas<\/strong>.\u00a0<strong>Articulamos a participa\u00e7\u00e3o de 60 jornalistas em eventos e espa\u00e7os e contamos 176 hist\u00f3rias de transforma\u00e7\u00f5es potencializadas pela \u00c9nois, em nossas redes<\/strong>.<\/p>\n\n\n\n<figure class=\"wp-block-image size-large\"><img loading=\"lazy\" decoding=\"async\" width=\"1024\" height=\"288\" src=\"https:\/\/dev.enois.org\/wp-content\/uploads\/sites\/18\/2025\/09\/EN139-Dez-bannerSITE-1920x540-CampInst-kickante-1536x432-1-1024x288.png\" alt=\"\" class=\"wp-image-2501\" srcset=\"https:\/\/dev.enois.org\/wp-content\/uploads\/2025\/09\/EN139-Dez-bannerSITE-1920x540-CampInst-kickante-1536x432-1-1024x288.png 1024w, https:\/\/dev.enois.org\/wp-content\/uploads\/2025\/09\/EN139-Dez-bannerSITE-1920x540-CampInst-kickante-1536x432-1-300x84.png 300w, https:\/\/dev.enois.org\/wp-content\/uploads\/2025\/09\/EN139-Dez-bannerSITE-1920x540-CampInst-kickante-1536x432-1-768x216.png 768w, https:\/\/dev.enois.org\/wp-content\/uploads\/2025\/09\/EN139-Dez-bannerSITE-1920x540-CampInst-kickante-1536x432-1.png 1536w\" sizes=\"auto, (max-width: 1024px) 100vw, 1024px\" \/><\/figure>\n\n\n\n<p>A diversidade que queremos fomentar no mundo se faz presente na gest\u00e3o e equipe da \u00c9nois. Temos uma equipe fixa, sendo a maioria pretas e pardas, e tivemos 227 pessoas colaboradoras nos nossos projetos, em 2023. Um grupo majoritariamente preto e de mulheres cis.<\/p>\n\n\n\n<p>2023 tamb\u00e9m foi um ano para consolidar pr\u00e1ticas internas. Cultivamos a colabora\u00e7\u00e3o, cuidado e horizontalidade\u2026<br><\/p>\n\n\n\n<figure class=\"wp-block-image size-full\"><img loading=\"lazy\" decoding=\"async\" width=\"904\" height=\"548\" src=\"https:\/\/dev.enois.org\/wp-content\/uploads\/sites\/18\/2025\/09\/enoispirint3.png\" alt=\"\" class=\"wp-image-2502\" srcset=\"https:\/\/dev.enois.org\/wp-content\/uploads\/2025\/09\/enoispirint3.png 904w, https:\/\/dev.enois.org\/wp-content\/uploads\/2025\/09\/enoispirint3-300x182.png 300w, https:\/\/dev.enois.org\/wp-content\/uploads\/2025\/09\/enoispirint3-768x466.png 768w\" sizes=\"auto, (max-width: 904px) 100vw, 904px\" \/><\/figure>\n\n\n\n<p>\u00c9 com esse cuidado m\u00fatuo que alimentamos diariamente uma perspectiva de crescimento junto \u00e0s iniciativas de comunica\u00e7\u00e3o, aos territ\u00f3rios e \u00e0s organiza\u00e7\u00f5es companheiras de estrada. Entre as parcerias de 2023, ressaltamos a nossa participa\u00e7\u00e3o no&nbsp;<a href=\"https:\/\/festival3i.org\/\">Festival 3i<\/a>, no Congresso Internacional de Jornalismo de Educa\u00e7\u00e3o&nbsp;<a href=\"https:\/\/jeduca.org.br\/jeduca2023\/\">(Jeduca)<\/a>&nbsp;e o apoio ao&nbsp;<a href=\"https:\/\/festivalfala.org.br\/\">Festival FALA!<\/a>.&nbsp;<\/p>\n\n\n\n<p>Em 2023, alimentamos tamb\u00e9m o nosso sonho de atuar a n\u00edvel de Am\u00e9rica Latina, levando a nossa experi\u00eancia de an\u00e1lise de impactos&nbsp; para o&nbsp;<a href=\"https:\/\/mediaparty.org\/landing-eng\">Media Party<\/a>, em Buenos Aires (AR). Massa, n\u00e9? E \u00e9 com essa viv\u00eancia que encerramos a nossa breve retrospectiva\u2026<br><br>Olhando para a frente e construindo um futuro que j\u00e1 bate na porta. Desejando novos voos ao lado de muito mais gente\u2026 Em 2024, \u00e9 nois de novo!&nbsp;<strong><mark>\u00c9nois que t\u00e1 junto do jornalismo local!<\/mark><\/strong><\/p>\n\n\n\n<p><\/p>","protected":false},"excerpt":{"rendered":"<p>Relembre com a gente o nosso ano de caminhada coletiva\u2026 H\u00e1 14 anos, a \u00c9nois trabalha por mais diversidade no jornalismo, um fazer que se atualiza de acordo com as mudan\u00e7as sociais, econ\u00f4micas, pol\u00edticas e tecnol\u00f3gicas que os territ\u00f3rios brasileiros e a comunica\u00e7\u00e3o vivenciam. Sejam em contextos de aprofundamento das desigualdades ou de fortalecimento da [&hellip;]<\/p>\n","protected":false},"author":3,"featured_media":2498,"comment_status":"closed","ping_status":"open","sticky":false,"template":"","format":"standard","meta":{"footnotes":""},"categories":[2],"tags":[],"class_list":["post-2497","post","type-post","status-publish","format-standard","has-post-thumbnail","hentry","category-institucional"],"_links":{"self":[{"href":"https:\/\/dev.enois.org\/en\/wp-json\/wp\/v2\/posts\/2497","targetHints":{"allow":["GET"]}}],"collection":[{"href":"https:\/\/dev.enois.org\/en\/wp-json\/wp\/v2\/posts"}],"about":[{"href":"https:\/\/dev.enois.org\/en\/wp-json\/wp\/v2\/types\/post"}],"author":[{"embeddable":true,"href":"https:\/\/dev.enois.org\/en\/wp-json\/wp\/v2\/users\/3"}],"replies":[{"embeddable":true,"href":"https:\/\/dev.enois.org\/en\/wp-json\/wp\/v2\/comments?post=2497"}],"version-history":[{"count":0,"href":"https:\/\/dev.enois.org\/en\/wp-json\/wp\/v2\/posts\/2497\/revisions"}],"wp:featuredmedia":[{"embeddable":true,"href":"https:\/\/dev.enois.org\/en\/wp-json\/wp\/v2\/media\/2498"}],"wp:attachment":[{"href":"https:\/\/dev.enois.org\/en\/wp-json\/wp\/v2\/media?parent=2497"}],"wp:term":[{"taxonomy":"category","embeddable":true,"href":"https:\/\/dev.enois.org\/en\/wp-json\/wp\/v2\/categories?post=2497"},{"taxonomy":"post_tag","embeddable":true,"href":"https:\/\/dev.enois.org\/en\/wp-json\/wp\/v2\/tags?post=2497"}],"curies":[{"name":"wp","href":"https:\/\/api.w.org\/{rel}","templated":true}]}}