{"id":2534,"date":"2025-08-11T11:54:00","date_gmt":"2025-08-11T14:54:00","guid":{"rendered":"https:\/\/enois.org\/?p=2534"},"modified":"2025-08-11T11:54:00","modified_gmt":"2025-08-11T14:54:00","slug":"arte-periferica-e-comunicacao-popular-caminham-juntas","status":"publish","type":"post","link":"https:\/\/dev.enois.org\/en\/arte-periferica-e-comunicacao-popular-caminham-juntas\/","title":{"rendered":"Arte perif\u00e9rica e comunica\u00e7\u00e3o popular caminham juntas"},"content":{"rendered":"<h3 class=\"wp-block-heading\">Nas periferias, a arte e a comunica\u00e7\u00e3o andam de m\u00e3os dadas para promover acesso \u00e0 informa\u00e7\u00e3o, reflex\u00e3o cr\u00edtica e mobiliza\u00e7\u00e3o social<\/h3>\n\n\n\n<p>Informa\u00e7\u00e3o que comunica \u00e9 aquela que toca, conecta e circula. N\u00e3o \u00e9 de hoje que a arte, com sua multiplicidade de formatos e linguagens, \u00e9 aliada da comunica\u00e7\u00e3o. Brasil afora, coletivos de periferia t\u00eam dominado pr\u00e1ticas art\u00edsticas que se transformam em estrat\u00e9gias comunicativas aut\u00f4nomas e sens\u00edveis \u00e0s realidades locais.<\/p>\n\n\n\n<p>No Maranh\u00e3o, acompanhamos o Reocupa, coletivo que realiza a\u00e7\u00f5es art\u00edstico-culturais para mobiliza\u00e7\u00e3o social. Este ano,&nbsp;<a href=\"https:\/\/www.youtube.com\/watch?v=Xr0SyFK9vd8&amp;trk=article-ssr-frontend-pulse_little-text-block\" target=\"_blank\" rel=\"noreferrer noopener\">produziram um mural em grafite junto a artistas parceiros, no muro de uma escola de S\u00e3o Lu\u00eds, para fomentar a discuss\u00e3o sobre crise clim\u00e1tica<\/a>. Para o segundo semestre, o coletivo segue com um projeto de empena e interven\u00e7\u00f5es art\u00edsticas focadas na Amaz\u00f4nia Legal. \u201cAcreditamos que o grafite tem o poder de comunicar quest\u00f5es sociais e ambientais de maneira direta, sens\u00edvel e transformadora\u201d, destaca Kadu Vassoler, um dos coordenadores do projeto. \u201cAl\u00e9m disso, a iniciativa contribui para a revitaliza\u00e7\u00e3o de espa\u00e7os p\u00fablicos e para a promo\u00e7\u00e3o da identidade cultural local.\u201d<\/p>\n\n\n\n<p>Durante crises, esse tipo de comunica\u00e7\u00e3o ganha ainda mais for\u00e7a. Na pandemia, por exemplo, a\u00e7\u00f5es como a coaliz\u00e3o #CoronaNasPeriferias provaram que materiais criados com linguagem local \u2014 como vinhetas, lambe-lambes e conte\u00fados digitais \u2014 salvaram vidas ao distribuir informa\u00e7\u00e3o confi\u00e1vel nos territ\u00f3rios.<\/p>\n\n\n\n<p>A cria\u00e7\u00e3o de narrativas com linguagens pr\u00f3prias permite que comunidades interpretem e ressignifiquem os conte\u00fados que normalmente chegariam apenas pelas m\u00eddias institucionais. Funciona tamb\u00e9m como uma estrat\u00e9gia transm\u00eddia. Em vez de apenas replicar o conte\u00fado, cada meio (v\u00eddeo, poesia, mural, podcast, reportagem, performance etc.) contribui com uma parte nova da narrativa, ampliando a experi\u00eancia de quem consome \u2014 e, principalmente, de quem participa da cria\u00e7\u00e3o.<\/p>\n\n\n\n<p>No contexto das periferias, essa abordagem permite que artistas e comunicadores ocupem diversos espa\u00e7os de circula\u00e7\u00e3o da informa\u00e7\u00e3o \u2014 das redes sociais aos muros da quebrada, dos saraus \u00e0s r\u00e1dios comunit\u00e1rias \u2014 usando m\u00faltiplas linguagens para engajar, informar e mobilizar.<\/p>\n\n\n\n<p>Aqui na \u00c9nois acompanhamos e fomentamos o trabalho de pessoas que caminham de m\u00e3os dadas com a arte e a comunica\u00e7\u00e3o desde nosso surgimento. Em diferentes momentos, em slams e saraus, levamos informa\u00e7\u00f5es apuradas e embasadas, por meio de forma\u00e7\u00f5es ou a\u00e7\u00f5es culturais. \u201cDisputamos, inclusive, o nome&nbsp;<em>jornalismo<\/em>, que vem carregado de um formato, formalidade e distanciamento\u201d, comenta Simone Cunha, diretora de sustentabilidade da \u00c9nois.&nbsp;<\/p>\n\n\n\n<p>\u201cA arte \u00e9 uma ferramenta de combate para chegar \u00e0s pessoas e fazer parte de suas vidas ao escutar, conectar e emocionar. S\u00e3o atributos que est\u00e3o em falta no ecossistema tradicional de informa\u00e7\u00e3o, mas que s\u00e3o essenciais quando a gente tem a fun\u00e7\u00e3o social de fortalecer o tecido social, aquilo que o jornalismo busca fazer\u201d, completa Simone.<\/p>\n\n\n\n<figure class=\"wp-block-image size-large\"><img loading=\"lazy\" decoding=\"async\" width=\"1024\" height=\"768\" src=\"https:\/\/dev.enois.org\/wp-content\/uploads\/sites\/18\/2025\/09\/1755113079495-1024x768.jpeg\" alt=\"\" class=\"wp-image-2536\" srcset=\"https:\/\/dev.enois.org\/wp-content\/uploads\/2025\/09\/1755113079495-1024x768.jpeg 1024w, https:\/\/dev.enois.org\/wp-content\/uploads\/2025\/09\/1755113079495-300x225.jpeg 300w, https:\/\/dev.enois.org\/wp-content\/uploads\/2025\/09\/1755113079495-768x576.jpeg 768w, https:\/\/dev.enois.org\/wp-content\/uploads\/2025\/09\/1755113079495.jpeg 1333w\" sizes=\"auto, (max-width: 1024px) 100vw, 1024px\" \/><\/figure>\n\n\n\n<p><em>Equipe \u00c9nois, participantes e facilitadores do Arte \u00e9 Informa\u00e7\u00e3o no espa\u00e7o das Travas da Sul, no Graja\u00fa, zona sul de S\u00e3o Paulo. Cr\u00e9dito: Divulga\u00e7\u00e3o\/\u00c9nois<\/em><\/p>\n\n\n\n<p><br>Foi com essas premissas que colocamos de p\u00e9 o\u00a0<strong>Arte \u00e9 Informa\u00e7\u00e3o<\/strong>, projeto novo da \u00c9nois que mira em promover encontros para que artistas perif\u00e9ricos acessem conhecimentos sobre justi\u00e7a clim\u00e1tica, comunica\u00e7\u00e3o, jornalismo e profissionaliza\u00e7\u00e3o. Os encontros aconteceram em S\u00e3o Paulo, nos bairros do Graja\u00fa, Brasil\u00e2ndia, S\u00e3o Mateus e Parais\u00f3polis, nos meses de julho e agosto.<\/p>\n\n\n\n<p>N\u00e3o se trata apenas de distribuir conte\u00fado. \u00c9 sobre traduzir temas urgentes como crise clim\u00e1tica, racismo ambiental e direitos b\u00e1sicos em linguagens acess\u00edveis, emocionantes e enraizadas. E isso \u00e9 importante para o desenvolvimento de sujeitos cr\u00edticos e informados, com autoestima e la\u00e7os coletivos refor\u00e7ados.<\/p>\n\n\n\n<p>\u201cA forma\u00e7\u00e3o sobre clima e periferia me fez pensar na intersec\u00e7\u00e3o entre arte e clima e em como podemos comunicar essa grande quest\u00e3o que chega nas periferias. Saber mais sobre a Lei de Acesso \u00e0 Informa\u00e7\u00e3o me fez entender que tenho o direito de saber, e vai me ajudar a fazer minhas pr\u00f3prias pesquisas\u201d, compartilhou DasNuvens, grafiteira e produtora cultural que participou do encontro em S\u00e3o Mateus.<\/p>\n\n\n\n<p>Ao lado de artistas como\u00a0<strong>Soberana Ziza (@soberanaziza)<\/strong>,\u00a0<strong>Brisa Flow (@brisaflow)<\/strong>,\u00a0<strong>AP\u00caAG\u00c1 (@apoetapeaga)<\/strong>\u00a0e\u00a0<strong>Mano Mike (@manomikemc)<\/strong>, os encontros do projeto revelaram como a arte comunica o territ\u00f3rio e ressignifica espa\u00e7os desvalorizados \u2014 transformando paredes em telas, ruas em galerias vivas e a comunica\u00e7\u00e3o em constru\u00e7\u00e3o coletiva. As oficinas com\u00a0<strong>Nazura<\/strong>, sobre portf\u00f3lio e autoestima profissional, e com\u00a0<strong>Lucas Veloso<\/strong>, sobre jornalismo de quebrada, fortaleceram pr\u00e1ticas de documenta\u00e7\u00e3o e apresenta\u00e7\u00e3o do trabalho art\u00edstico como forma leg\u00edtima de informa\u00e7\u00e3o. J\u00e1 a forma\u00e7\u00e3o sobre crise clim\u00e1tica e racismo ambiental, com\u00a0<strong>Amanda Costa<\/strong>,\u00a0<strong>Gabriela Alves<\/strong>\u00a0e\u00a0<strong>Mahryan Sampaio<\/strong>, conectou arte, pol\u00edtica e territ\u00f3rio a partir da viv\u00eancia das juventudes perif\u00e9ricas.<br><\/p>\n\n\n\n<figure class=\"wp-block-image size-large\"><img loading=\"lazy\" decoding=\"async\" width=\"1024\" height=\"768\" src=\"https:\/\/dev.enois.org\/wp-content\/uploads\/sites\/18\/2025\/09\/1755113305935-1024x768.jpeg\" alt=\"\" class=\"wp-image-2537\" srcset=\"https:\/\/dev.enois.org\/wp-content\/uploads\/2025\/09\/1755113305935-1024x768.jpeg 1024w, https:\/\/dev.enois.org\/wp-content\/uploads\/2025\/09\/1755113305935-300x225.jpeg 300w, https:\/\/dev.enois.org\/wp-content\/uploads\/2025\/09\/1755113305935-768x576.jpeg 768w, https:\/\/dev.enois.org\/wp-content\/uploads\/2025\/09\/1755113305935.jpeg 1333w\" sizes=\"auto, (max-width: 1024px) 100vw, 1024px\" \/><\/figure>\n\n\n\n<p><em>Equipe \u00c9nois, participantes e facilitadores do Arte \u00e9 Informa\u00e7\u00e3o no espa\u00e7o do S\u00e3o Mateus em Movimento, em S\u00e3o Mateus, zona leste de S\u00e3o Paulo. Cr\u00e9dito: Divulga\u00e7\u00e3o\/\u00c9nois<\/em><\/p>\n\n\n\n<p><br>Para Kevin Nascimento, fot\u00f3grafo da Brasil\u00e2ndia que participou dos encontros, \u201ctodo artista que trabalha com imagem tamb\u00e9m deveria ter esse vi\u00e9s da comunica\u00e7\u00e3o com a arte, porque \u00e9 comunicar sua quebrada, seu bairro, onde voc\u00ea mora, atrav\u00e9s da arte.\u201d<\/p>\n\n\n\n<p>A escolha dos territ\u00f3rios do Graja\u00fa, Brasil\u00e2ndia, S\u00e3o Mateus e Parais\u00f3polis n\u00e3o foi aleat\u00f3ria. S\u00e3o espa\u00e7os pulsantes de produ\u00e7\u00e3o cultural, organiza\u00e7\u00e3o pol\u00edtica e narrativas pr\u00f3prias. As atividades aconteceram em parceria com os coletivos locais Travas da Sul, PiPA, S\u00e3o Mateus em Movimento e Est\u00fadio 7 Notas, com parceria do Programa Einstein na Comunidade de Parais\u00f3polis (PECP) e financiamento do Consulado da Alemanha e da emenda parlamentar municipal de S\u00e3o Paulo.<\/p>\n\n\n\n<figure class=\"wp-block-image size-large\"><img loading=\"lazy\" decoding=\"async\" width=\"1024\" height=\"768\" src=\"https:\/\/dev.enois.org\/wp-content\/uploads\/sites\/18\/2025\/09\/1755113520829-1024x768.jpeg\" alt=\"\" class=\"wp-image-2538\" srcset=\"https:\/\/dev.enois.org\/wp-content\/uploads\/2025\/09\/1755113520829-1024x768.jpeg 1024w, https:\/\/dev.enois.org\/wp-content\/uploads\/2025\/09\/1755113520829-300x225.jpeg 300w, https:\/\/dev.enois.org\/wp-content\/uploads\/2025\/09\/1755113520829-768x576.jpeg 768w, https:\/\/dev.enois.org\/wp-content\/uploads\/2025\/09\/1755113520829.jpeg 1333w\" sizes=\"auto, (max-width: 1024px) 100vw, 1024px\" \/><\/figure>\n\n\n\n<p><em>Equipe \u00c9nois, participantes e facilitadores do Arte \u00e9 Informa\u00e7\u00e3o no espa\u00e7o PEC (Programa Einstein na Comunidade de Parais\u00f3polis), em parceria com Est\u00fadio 7 Notas, zona sul de S\u00e3o Paulo. Cr\u00e9dito: Divulga\u00e7\u00e3o\/ \u00c9nois<\/em><br><br>Ao reunir artistas, comunicadores e lideran\u00e7as locais, o projeto refor\u00e7a que a arte perif\u00e9rica \u00e9 uma estrat\u00e9gia concreta de comunica\u00e7\u00e3o comunit\u00e1ria, capaz de gerar informa\u00e7\u00e3o confi\u00e1vel, fortalecer identidades, promover engajamento e influenciar pol\u00edticas p\u00fablicas. Nas falas, grafites, poesias e m\u00fasicas, vimos uma comunica\u00e7\u00e3o feita de corpo presente, com escuta, responsabilidade e pertencimento.<\/p>\n\n\n\n<p>Acompanhe os pr\u00f3ximos passos do Arte \u00e9 Informa\u00e7\u00e3o nos canais da \u00c9nois e siga com a gente fortalecendo essa rede. Que tal buscar os artistas perif\u00e9ricos do teu territ\u00f3rio, acessar seus trabalhos e ampliar seus trabalhos?<\/p>","protected":false},"excerpt":{"rendered":"<p>Nas periferias, a arte e a comunica\u00e7\u00e3o andam de m\u00e3os dadas para promover acesso \u00e0 informa\u00e7\u00e3o, reflex\u00e3o cr\u00edtica e mobiliza\u00e7\u00e3o social Informa\u00e7\u00e3o que comunica \u00e9 aquela que toca, conecta e circula. N\u00e3o \u00e9 de hoje que a arte, com sua multiplicidade de formatos e linguagens, \u00e9 aliada da comunica\u00e7\u00e3o. Brasil afora, coletivos de periferia t\u00eam [&hellip;]<\/p>\n","protected":false},"author":3,"featured_media":2535,"comment_status":"closed","ping_status":"open","sticky":false,"template":"","format":"standard","meta":{"footnotes":""},"categories":[7],"tags":[],"class_list":["post-2534","post","type-post","status-publish","format-standard","has-post-thumbnail","hentry","category-enews"],"_links":{"self":[{"href":"https:\/\/dev.enois.org\/en\/wp-json\/wp\/v2\/posts\/2534","targetHints":{"allow":["GET"]}}],"collection":[{"href":"https:\/\/dev.enois.org\/en\/wp-json\/wp\/v2\/posts"}],"about":[{"href":"https:\/\/dev.enois.org\/en\/wp-json\/wp\/v2\/types\/post"}],"author":[{"embeddable":true,"href":"https:\/\/dev.enois.org\/en\/wp-json\/wp\/v2\/users\/3"}],"replies":[{"embeddable":true,"href":"https:\/\/dev.enois.org\/en\/wp-json\/wp\/v2\/comments?post=2534"}],"version-history":[{"count":0,"href":"https:\/\/dev.enois.org\/en\/wp-json\/wp\/v2\/posts\/2534\/revisions"}],"wp:featuredmedia":[{"embeddable":true,"href":"https:\/\/dev.enois.org\/en\/wp-json\/wp\/v2\/media\/2535"}],"wp:attachment":[{"href":"https:\/\/dev.enois.org\/en\/wp-json\/wp\/v2\/media?parent=2534"}],"wp:term":[{"taxonomy":"category","embeddable":true,"href":"https:\/\/dev.enois.org\/en\/wp-json\/wp\/v2\/categories?post=2534"},{"taxonomy":"post_tag","embeddable":true,"href":"https:\/\/dev.enois.org\/en\/wp-json\/wp\/v2\/tags?post=2534"}],"curies":[{"name":"wp","href":"https:\/\/api.w.org\/{rel}","templated":true}]}}