{"id":2566,"date":"2025-07-07T21:06:31","date_gmt":"2025-07-08T00:06:31","guid":{"rendered":"https:\/\/enois.org\/?p=2566"},"modified":"2025-07-07T21:06:31","modified_gmt":"2025-07-08T00:06:31","slug":"enois-impulsiona-informacao-e-comunicacao-com-apoio-do-consulado-da-alemanha","status":"publish","type":"post","link":"https:\/\/dev.enois.org\/en\/enois-impulsiona-informacao-e-comunicacao-com-apoio-do-consulado-da-alemanha\/","title":{"rendered":"\u00c9nois impulsiona arte e informa\u00e7\u00e3o com apoio do Consulado da Alemanha"},"content":{"rendered":"<p>Na maior favela de S\u00e3o Paulo, Parais\u00f3polis, o Est\u00fadio 7 Notas \u00e9 um coletivo que atua na fronteira entre informa\u00e7\u00e3o e arte e foi l\u00e1 que levamos a equipe do Consulado Geral da Alemanha para apontar caminhos a serem fortalecidos para o desenvolvimento local. O Est\u00fadio produz artistas e MCs do territ\u00f3rio, v\u00eddeos, reportagens e a\u00e7\u00f5es que conectam cultura e jornalismo. \u00c9 uma das organiza\u00e7\u00f5es de fronteira com quem a \u00c9nois atuar\u00e1 no projeto Arte \u00c9 Informa\u00e7\u00e3o S\u00e3o Paulo, financiado pelo Consulado da Alemanha, e que vai impulsionar o uso de linguagens art\u00edsticas para disseminar informa\u00e7\u00e3o e dos processos de apura\u00e7\u00e3o do jornalismo para a cria\u00e7\u00e3o art\u00edstica.<br><br>Esse tipo de articula\u00e7\u00e3o n\u00e3o \u00e9 nova na trajet\u00f3ria da \u00c9nois. Nosso Laborat\u00f3rio e o Prato Firmeza contribu\u00edram para fortalecer a comunica\u00e7\u00e3o comunit\u00e1ria, apoiar o empreendedorismo e formar redes informativas sustent\u00e1veis em territ\u00f3rios perif\u00e9ricos. Desde que nasceu, em 2009, a \u00c9nois integra comunica\u00e7\u00e3o e arte como ferramentas de transforma\u00e7\u00e3o concreta. Em 16 anos de nossa atua\u00e7\u00e3o, mais de 20 mil jovens e coletivos locais de todo o pa\u00eds estiveram em rede integrando forma\u00e7\u00f5es, produ\u00e7\u00e3o de informa\u00e7\u00e3o e de eventos, fortalecendo a informa\u00e7\u00e3o e a economia criativa nos seus territ\u00f3rios.<br><\/p>\n\n\n\n<figure class=\"wp-block-image size-full\"><img loading=\"lazy\" decoding=\"async\" width=\"800\" height=\"600\" src=\"https:\/\/dev.enois.org\/wp-content\/uploads\/sites\/18\/2025\/10\/1751300522355.jpeg\" alt=\"\" class=\"wp-image-2567\" srcset=\"https:\/\/dev.enois.org\/wp-content\/uploads\/2025\/10\/1751300522355.jpeg 800w, https:\/\/dev.enois.org\/wp-content\/uploads\/2025\/10\/1751300522355-300x225.jpeg 300w, https:\/\/dev.enois.org\/wp-content\/uploads\/2025\/10\/1751300522355-768x576.jpeg 768w\" sizes=\"auto, (max-width: 800px) 100vw, 800px\" \/><\/figure>\n\n\n\n<p><br><br>Informalidade e subempregos s\u00e3o realidade entre os jovens brasileiros, especialmente nas periferias, e articular caminhos de trabalho, pertencimento e desenvolvimento local buscam criar caminhos diferentes do \u201cCEO de MEI\u201d. Segundo a PNAD de 2024, a taxa de desemprego entre jovens caiu nos \u00faltimos 5 anos (de 25,2% para 14,3%), s\u00f3 que quase metade est\u00e1 na informalidade e grande parte dos CLTs est\u00e1 em ocupa\u00e7\u00f5es com tarefas repetitivas, baixo sal\u00e1rio e alto potencial de serem substitu\u00eddos por tecnologia.<br><br>O apoio do Consulado da Alemanha ao Arte \u00c9 Informa\u00e7\u00e3o amplia o trabalho de construir alternativas de inser\u00e7\u00e3o no mercado por meio da arte e da comunica\u00e7\u00e3o, em rede, com o territ\u00f3rio, fomentando a autonomia e a gera\u00e7\u00e3o de renda. Parais\u00f3polis \u00e9 um dos pontos dessa rede que se fortalece e se expande, junto com Brasil\u00e2ndia, S\u00e3o Mateus e Graja\u00fa.<br><br>Texto por <a href=\"https:\/\/www.linkedin.com\/in\/simone-cunha-a42944a\/\">simone cunha<\/a>, diretora de Desenvolvimento Institucional da \u00c9nois<\/p>","protected":false},"excerpt":{"rendered":"<p>Na maior favela de S\u00e3o Paulo, Parais\u00f3polis, o Est\u00fadio 7 Notas \u00e9 um coletivo que atua na fronteira entre informa\u00e7\u00e3o e arte e foi l\u00e1 que levamos a equipe do Consulado Geral da Alemanha para apontar caminhos a serem fortalecidos para o desenvolvimento local. O Est\u00fadio produz artistas e MCs do territ\u00f3rio, v\u00eddeos, reportagens e [&hellip;]<\/p>\n","protected":false},"author":3,"featured_media":2567,"comment_status":"closed","ping_status":"open","sticky":false,"template":"","format":"standard","meta":{"footnotes":""},"categories":[6],"tags":[],"class_list":["post-2566","post","type-post","status-publish","format-standard","has-post-thumbnail","hentry","category-projetos"],"_links":{"self":[{"href":"https:\/\/dev.enois.org\/en\/wp-json\/wp\/v2\/posts\/2566","targetHints":{"allow":["GET"]}}],"collection":[{"href":"https:\/\/dev.enois.org\/en\/wp-json\/wp\/v2\/posts"}],"about":[{"href":"https:\/\/dev.enois.org\/en\/wp-json\/wp\/v2\/types\/post"}],"author":[{"embeddable":true,"href":"https:\/\/dev.enois.org\/en\/wp-json\/wp\/v2\/users\/3"}],"replies":[{"embeddable":true,"href":"https:\/\/dev.enois.org\/en\/wp-json\/wp\/v2\/comments?post=2566"}],"version-history":[{"count":0,"href":"https:\/\/dev.enois.org\/en\/wp-json\/wp\/v2\/posts\/2566\/revisions"}],"wp:featuredmedia":[{"embeddable":true,"href":"https:\/\/dev.enois.org\/en\/wp-json\/wp\/v2\/media\/2567"}],"wp:attachment":[{"href":"https:\/\/dev.enois.org\/en\/wp-json\/wp\/v2\/media?parent=2566"}],"wp:term":[{"taxonomy":"category","embeddable":true,"href":"https:\/\/dev.enois.org\/en\/wp-json\/wp\/v2\/categories?post=2566"},{"taxonomy":"post_tag","embeddable":true,"href":"https:\/\/dev.enois.org\/en\/wp-json\/wp\/v2\/tags?post=2566"}],"curies":[{"name":"wp","href":"https:\/\/api.w.org\/{rel}","templated":true}]}}