{"id":2573,"date":"2025-04-07T21:15:06","date_gmt":"2025-04-08T00:15:06","guid":{"rendered":"https:\/\/enois.org\/?p=2573"},"modified":"2025-04-07T21:15:06","modified_gmt":"2025-04-08T00:15:06","slug":"o-ano-e-2025-e-os-olhos-do-mundo-estao-voltados-para-a-regiao-norte-do-brasil","status":"publish","type":"post","link":"https:\/\/dev.enois.org\/en\/o-ano-e-2025-e-os-olhos-do-mundo-estao-voltados-para-a-regiao-norte-do-brasil\/","title":{"rendered":"O ano \u00e9 2025, e os olhos do mundo est\u00e3o voltados para a regi\u00e3o Norte do Brasil"},"content":{"rendered":"<p>O ano \u00e9 2025, e os olhos do mundo est\u00e3o voltados para a regi\u00e3o Norte do Brasil. Mas a rela\u00e7\u00e3o da \u00c9nois com esse territ\u00f3rio n\u00e3o \u00e9 de agora. Mesmo nascida em S\u00e3o Paulo, nossa conex\u00e3o com o Norte vem sendo constru\u00edda h\u00e1 anos, em parceria com coletivos e comunicadores que hoje fazem parte da rede que fomentamos.<br><br>Em 2022, fortalecemos os la\u00e7os com a segunda edi\u00e7\u00e3o do programa Diversidade nas Reda\u00e7\u00f5es, dedicado ao desenvolvimento institucional de iniciativas de jornalismo independente no Norte e Centro-Oeste. Foi um per\u00edodo intenso de trocas e aprendizados ao lado do Tapaj\u00f3s de Fato (PA), Carta Amaz\u00f4nia (PA), Correio do Lavrado (RR), Rondon Oficial (RO), Reda\u00e7\u00e3o News (PA), Portal Mana\u00f3s (AM) e Tocantins em Foco (TO), para destacar somente as organiza\u00e7\u00f5es da regi\u00e3o Norte.<br><br>Entre 2022 e 2023, aprofundamos ainda mais essa presen\u00e7a ao realizar cinco ciclos de forma\u00e7\u00e3o do programa Jornalismo e Territ\u00f3rio \u2013 edi\u00e7\u00e3o Justi\u00e7a Clim\u00e1tica, voltado para comunicadores de toda a regi\u00e3o. Durante essa jornada, estreitamos la\u00e7os com iniciativas como Abar\u00e9 Jornalismo (AM), Mar\u00e9 Cheia Produtora (PA) e Na Cuia Produtora Cultural (PA), al\u00e9m de diversos outros comunicadores e comunicadoras.<br><br>Foi no TechCamp, em 2023, que essa conex\u00e3o ganhou um novo significado. Pela primeira vez, representantes de iniciativas perif\u00e9ricas de todo o Brasil puderam vivenciar Bel\u00e9m e a regi\u00e3o Norte de uma forma mais afetiva e visceral. Para muitas dessas organiza\u00e7\u00f5es, esse contato direto com os saberes, territ\u00f3rios e comunicadores locais foi uma experi\u00eancia transformadora.<br><br>Ao longo do evento, reunimos 60 representantes de iniciativas de jornalismo e comunica\u00e7\u00e3o independente de todo o Brasil para forma\u00e7\u00f5es e mentorias. Al\u00e9m de um momento de muito aprendizado para a \u00c9nois, o TechCamp marcou uma virada de chave na forma como co-criamos nossos projetos: agora, com uma abordagem ainda mais descentralizada e fortalecendo pontes que antes pareciam distantes.<br><br>Ter constru\u00eddo essas rela\u00e7\u00f5es ao longo dos anos significa muito para a \u00c9nois. Mais do que uma presen\u00e7a institucional, essa trajet\u00f3ria reflete um compromisso real com o territ\u00f3rio, com as pessoas e com a comunica\u00e7\u00e3o popular que nasce a partir dessas conex\u00f5es.<br><br>Agora, em 2025, come\u00e7amos o ano com uma edi\u00e7\u00e3o especial do Prato Firmeza, o projeto mais longevo da casa, desta vez mergulhando na culin\u00e1ria de Bel\u00e9m e Manaus. Essa iniciativa vem sendo gestada desde 2021, com a consultoria da Clarinda Sater\u00e9 Maw\u00e9, antrop\u00f3loga e chef de cozinha da Casa de Comida Ind\u00edgena Biat\u00fcwi, de Manaus.<br><br>Junto ao Tapaj\u00f3s de Fato, Puxirum do Bem Viver, Rede de Comunicadores da COIAB, Amanda LeLibras e outros profissionais da regi\u00e3o, estamos cocriando um livro sobre a gastronomia das quebradas de Bel\u00e9m e Manaus. Porque contar essa hist\u00f3ria \u00e9 tamb\u00e9m resgatar as ra\u00edzes da culin\u00e1ria brasileira e sua conex\u00e3o com os territ\u00f3rios e saberes ancestrais.<br><br>Texto por <a href=\"https:\/\/www.linkedin.com\/in\/jessica-mota\/\">Jessica Mota<\/a>, coordenadora do laborat\u00f3rio \u00c9nois<\/p>","protected":false},"excerpt":{"rendered":"<p>O ano \u00e9 2025, e os olhos do mundo est\u00e3o voltados para a regi\u00e3o Norte do Brasil. Mas a rela\u00e7\u00e3o da \u00c9nois com esse territ\u00f3rio n\u00e3o \u00e9 de agora. Mesmo nascida em S\u00e3o Paulo, nossa conex\u00e3o com o Norte vem sendo constru\u00edda h\u00e1 anos, em parceria com coletivos e comunicadores que hoje fazem parte da [&hellip;]<\/p>\n","protected":false},"author":3,"featured_media":2574,"comment_status":"closed","ping_status":"open","sticky":false,"template":"","format":"standard","meta":{"footnotes":""},"categories":[5,6],"tags":[],"class_list":["post-2573","post","type-post","status-publish","format-standard","has-post-thumbnail","hentry","category-artigo","category-projetos"],"_links":{"self":[{"href":"https:\/\/dev.enois.org\/en\/wp-json\/wp\/v2\/posts\/2573","targetHints":{"allow":["GET"]}}],"collection":[{"href":"https:\/\/dev.enois.org\/en\/wp-json\/wp\/v2\/posts"}],"about":[{"href":"https:\/\/dev.enois.org\/en\/wp-json\/wp\/v2\/types\/post"}],"author":[{"embeddable":true,"href":"https:\/\/dev.enois.org\/en\/wp-json\/wp\/v2\/users\/3"}],"replies":[{"embeddable":true,"href":"https:\/\/dev.enois.org\/en\/wp-json\/wp\/v2\/comments?post=2573"}],"version-history":[{"count":0,"href":"https:\/\/dev.enois.org\/en\/wp-json\/wp\/v2\/posts\/2573\/revisions"}],"wp:featuredmedia":[{"embeddable":true,"href":"https:\/\/dev.enois.org\/en\/wp-json\/wp\/v2\/media\/2574"}],"wp:attachment":[{"href":"https:\/\/dev.enois.org\/en\/wp-json\/wp\/v2\/media?parent=2573"}],"wp:term":[{"taxonomy":"category","embeddable":true,"href":"https:\/\/dev.enois.org\/en\/wp-json\/wp\/v2\/categories?post=2573"},{"taxonomy":"post_tag","embeddable":true,"href":"https:\/\/dev.enois.org\/en\/wp-json\/wp\/v2\/tags?post=2573"}],"curies":[{"name":"wp","href":"https:\/\/api.w.org\/{rel}","templated":true}]}}