{"id":2592,"date":"2024-08-14T21:40:00","date_gmt":"2024-08-15T00:40:00","guid":{"rendered":"https:\/\/enois.org\/?p=2592"},"modified":"2024-08-14T21:40:00","modified_gmt":"2024-08-15T00:40:00","slug":"rede-nacional-de-checagem-das-eleicoes-2024","status":"publish","type":"post","link":"https:\/\/dev.enois.org\/en\/rede-nacional-de-checagem-das-eleicoes-2024\/","title":{"rendered":"Rede nacional de checagem das Elei\u00e7\u00f5es 2024"},"content":{"rendered":"<pre class=\"wp-block-preformatted\"><em>10 organiza\u00e7\u00f5es distribu\u00eddas em todas as regi\u00f5es do Brasil fazem parte do programa Diversidade nas Reda\u00e7\u00f5es - Desinforma\u00e7\u00e3o e Elei\u00e7\u00f5es, coordenado pela \u00c9nois Laborat\u00f3rio de Jornalismo<\/em><\/pre>\n\n\n\n<pre class=\"wp-block-preformatted\">89% das pessoas moradoras de periferias no Brasil j\u00e1 foram v\u00edtimas de not\u00edcias falsas, de acordo com o Instituto Data Favela, em pesquisa divulgada em julho deste ano e, segundo o Instituto Locomotiva, 90% da popula\u00e7\u00e3o brasileira admite ter acreditado em fake news. Isso indica que combater a desinforma\u00e7\u00e3o eleitoral de maneira assertiva s\u00f3 \u00e9 poss\u00edvel em rede e conhecendo os diversos territ\u00f3rios populares do nosso pa\u00eds.\nPensando nisso, a \u00c9nois Laborat\u00f3rio de Jornalismo junto \u00e0s organiza\u00e7\u00f5es <a href=\"https:\/\/www.agencialume.com\/\">Ag\u00eancia Lume (RJ)<\/a>, <a href=\"https:\/\/cartaamazonia.com.br\/\">Carta Amaz\u00f4nia (PA)<\/a>, <a href=\"https:\/\/www.instagram.com\/carrapicho.virtual\/\">Carrapicho Virtual (BA)<\/a>, <a href=\"https:\/\/www.instagram.com\/com_text\/\">Com_Texto (MT)<\/a>, <a href=\"https:\/\/www.instagram.com\/correiodolavrado\/\">Correio do Lavrado (RR)<\/a>, <a href=\"https:\/\/olhosjornalismo.com.br\/\">Olhos Jornalismo (AL)<\/a>, <a href=\"https:\/\/www.nonada.com.br\/\">Nonada Jornalismo (RS)<\/a>, <a href=\"https:\/\/www.teatrinetv.com.br\/\">Teatrine TV (MS)<\/a>, <a href=\"https:\/\/www.instagram.com\/transmidia.jornalismo\/\">Transm\u00eddia (SP)<\/a> e <a href=\"https:\/\/sul21.com.br\/\">Sul21 (RS)<\/a> lan\u00e7am nesta quinta-feira (15\/08) o programa <strong><mark>Diversidade nas Reda\u00e7\u00f5es - Desinforma\u00e7\u00e3o e Elei\u00e7\u00f5es<\/mark><\/strong>, com patroc\u00ednio da <a href=\"https:\/\/blog.google\/intl\/pt-br\/novidades\/iniciativas\/\">Google News Initiative<\/a>. Ainda, o projeto conta com o apoio da <a href=\"https:\/\/lupa.uol.com.br\/\">Ag\u00eancia Lupa<\/a>, <a href=\"https:\/\/www.agenciatatu.com.br\/\">Ag\u00eancia Tatu<\/a>, do <a href=\"https:\/\/desinformante.com.br\/\">Desinformante<\/a> e do <a href=\"https:\/\/www.instagram.com\/re_o_cupa\/\">Reocupa<\/a>.\nO <strong><mark>Diversidade nas Reda\u00e7\u00f5es<\/mark><\/strong> \u00e9 um programa de treinamento da \u00c9nois, que tem centralidade no fortalecimento institucional e financeiro de reda\u00e7\u00f5es jornal\u00edsticas, por  meio do impulsionamento da diversidade de g\u00eanero, ra\u00e7a e territ\u00f3rio. O foco na tem\u00e1tica da desinforma\u00e7\u00e3o e elei\u00e7\u00f5es, com checagem de not\u00edcias falsas veiculadas por Whatsapp,  marca o terceiro ciclo do programa que traz um diferencial na distribui\u00e7\u00e3o de recursos para as organiza\u00e7\u00f5es envolvidas.\nDesde a sua primeira edi\u00e7\u00e3o, o <strong><mark>Diversidade nas Reda\u00e7\u00f5es<\/mark><\/strong> nunca chegou ao valor de R$ 40 mil destinados para cada iniciativa, totalizando R$ 400 mil investidos pelo programa na rede parceira. Esse diferencial da edi\u00e7\u00e3o \u00e9 fruto de muita escuta do campo do jornalismo local sobre as suas principais demandas. Reda\u00e7\u00f5es locais conseguem identificar desinforma\u00e7\u00e3o com mais facilidade por terem mais proximidade com quem vive nos territ\u00f3rios. Fortalecer essas iniciativas \u00e9 expandir as possibilidades desse ecossistema jornal\u00edstico, como mostra o relato de G\u00e9ssika Costa, fundadora do Olhos Jornalismo (AL).\n\u201cEm quatro anos de exist\u00eancia, essa \u00e9 a primeira vez que entra um recurso dessa ordem para o Olhos. Sabemos o quanto \u00e9 dif\u00edcil e burocr\u00e1tico sermos contemplados em editais nacionais e internacionais e ter um pouco mais de flexibilidade para o uso do dinheiro. Entendemos que esse recurso vai ser um divisor de \u00e1guas na nossa hist\u00f3ria porque vai nos ajudar a fazer uma cobertura relevante das elei\u00e7\u00f5es e apoiar na estrutura geral para os pr\u00f3ximos meses\u201d.\nO impacto do <strong><mark>Diversidade nas Reda\u00e7\u00f5es - Desinforma\u00e7\u00e3o e Elei\u00e7\u00f5es<\/mark><\/strong> para o portal Transm\u00eddia n\u00e3o \u00e9 diferente. \u201cEm termos de estrutura organizacional e financeira, \u00e9 bastante significativo. Em setembro, lan\u00e7aremos oficialmente o nosso site, o primeiro portal de not\u00edcias focado exclusivamente na pauta da popula\u00e7\u00e3o trans no Brasil. Com o projeto, come\u00e7aremos nossas produ\u00e7\u00f5es cobrindo as elei\u00e7\u00f5es, produzindo reportagens aprofundadas e estabelecendo parcerias que s\u00e3o essenciais para o nosso crescimento\u201d, conta Ca\u00ea Vatiero, cofundador do Transm\u00eddia.\nA ess\u00eancia do Diversidade nas Reda\u00e7\u00f5es e da \u00c9nois \u00e9 o compartilhamento de conhecimento, e nesta edi\u00e7\u00e3o o programa tem um car\u00e1ter de multiplica\u00e7\u00e3o. Desde julho de 2024, as 10 iniciativas de jornalismo local parceiras est\u00e3o participando de forma\u00e7\u00f5es tem\u00e1ticas sobre checagem, mapeamento de desinforma\u00e7\u00e3o, produ\u00e7\u00e3o cultural e engajamento comunit\u00e1rio. Forma\u00e7\u00f5es que ser\u00e3o multiplicadas nos territ\u00f3rios em que elas est\u00e3o inseridas, alcan\u00e7ando um p\u00fablico pessoas que atuam com jornalismo local, comunica\u00e7\u00e3o e cultura. As forma\u00e7\u00f5es ser\u00e3o gratuitas, online, e as datas estar\u00e3o dispon\u00edveis nas redes sociais da \u00c9nois a partir desta quinta (25): @enoisconteudo\n\u201cA maioria das organiza\u00e7\u00f5es parceiras no projeto j\u00e1 andam junto com a \u00c9nois h\u00e1 bastante tempo. Algumas, a gente viu surgir e crescer e decidimos resgatar essa rela\u00e7\u00e3o em rede pensando no que faz sentido para elas, desde a quest\u00e3o de recursos at\u00e9 o foco na cobertura das elei\u00e7\u00f5es mesmo. Optamos por articular com duas organiza\u00e7\u00f5es por regi\u00e3o e fomos apresentando o projeto\u201d, afirma Sanara Santos, coordenadora do <strong><mark>Diversidade nas Reda\u00e7\u00f5es - Desinforma\u00e7\u00e3o e Elei\u00e7\u00f5es<\/mark><\/strong> e diretora de Forma\u00e7\u00e3o da \u00c9nois.\nA desinforma\u00e7\u00e3o em contextos de elei\u00e7\u00f5es \u00e9 uma preocupa\u00e7\u00e3o global, j\u00e1 que tem sido utilizada como estrat\u00e9gia pol\u00edtica e de poder por diversos grupos pol\u00edticos, em sua maioria de extrema-direita. O direito \u00e0 informa\u00e7\u00e3o de credibilidade, indispens\u00e1vel \u00e0 democracia, est\u00e1 diretamente ligado com a escolha do voto. Em contextos perif\u00e9ricos essa rela\u00e7\u00e3o toma outras propor\u00e7\u00f5es quando relacionada \u00e0 falta de internet de qualidade e \u00e0 aus\u00eancia de outros direitos b\u00e1sicos.\n\"Ve\u00edculos de not\u00edcias pequenos e m\u00e9dios s\u00e3o os respons\u00e1veis, muitas vezes sozinhos, por produzir jornalismo e checar informa\u00e7\u00e3o para suas comunidades ou munic\u00edpios. Por meio da Google News Initiative, buscamos apoiar iniciativas como a da \u00c9nois e fortalecer o jornalismo local, algo especialmente importante neste momento de elei\u00e7\u00f5es\", explica Marco T\u00falio Pires, gerente de Parcerias de Not\u00edcias do Google no Brasil.\nAp\u00f3s o per\u00edodo de forma\u00e7\u00e3o nos territ\u00f3rios do projeto, a fase de checagem ser\u00e1 iniciada em 29 de agosto. Cada organiza\u00e7\u00e3o ir\u00e1 mapear grupos de Whatsapp que circulam em seus territ\u00f3rios, espa\u00e7os em que podem circular desinforma\u00e7\u00e3o. A partir desse mapeamento, elas devem identificar not\u00edcias falsas ligadas com o contexto eleitoral. A metodologia utilizada \u00e9 a do <a href=\"https:\/\/caixadiversidade.old.enoisconteudo.com.br\/2021\/10\/25\/como-mapear-redes-e-distribuir-conteudos-em-aplicativos-de-mensagem\/\">Checazap, primeiro projeto de checagens de not\u00edcias a atuar dentro do WhatsApp no Brasil, desenvolvido pela Escola de Jornalismo da \u00c9nois e o Data_Labe<\/a>. E, para al\u00e9m das checagens, tamb\u00e9m ser\u00e3o produzidas mat\u00e9rias colaborativas com os territ\u00f3rios, diante das suas especificidades quando o assunto \u00e9 desinforma\u00e7\u00e3o.\nA ideia \u00e9 articular a distribui\u00e7\u00e3o de checagens e mat\u00e9rias jornal\u00edsticas. Assim como eventos de debates sobre desinforma\u00e7\u00e3o e territ\u00f3rios,  com artistas, lideran\u00e7as comunit\u00e1rias, influenciadores e influenciadoras digitais nas comunidades, no p\u00f3s elei\u00e7\u00f5es. As checagens e mat\u00e9rias, assim como mais informa\u00e7\u00f5es sobre o Diversidade nas Reda\u00e7\u00f5es - Desinforma\u00e7\u00e3o e Elei\u00e7\u00f5es poder\u00e3o ser conferidas nos sites e nas redes sociais da \u00c9nois Laborat\u00f3rio de Jornalismo e das organiza\u00e7\u00f5es parceiras. Checagens e mat\u00e9rias do projeto podem ser republicadas, \u00e9 s\u00f3 entrar em contato: sanara@old.enoisconteudo.com.br\n<a href=\"https:\/\/www.kickante.com.br\/assinatura-e-recorrencia\/enois-por-um-jornalismo-mais-diverso\">Para apoiar o trabalho da \u00c9nois, \u00e9 poss\u00edvel fazer doa\u00e7\u00f5es para a campanha recorrente da organiza\u00e7\u00e3o.<\/a>\n<\/pre>","protected":false},"excerpt":{"rendered":"<p>10 organiza\u00e7\u00f5es distribu\u00eddas em todas as regi\u00f5es do Brasil fazem parte do programa Diversidade nas Reda\u00e7\u00f5es &#8211; Desinforma\u00e7\u00e3o e Elei\u00e7\u00f5es, coordenado pela \u00c9nois Laborat\u00f3rio de Jornalismo 89% das pessoas moradoras de periferias no Brasil j\u00e1 foram v\u00edtimas de not\u00edcias falsas, de acordo com o Instituto Data Favela, em pesquisa divulgada em julho deste ano e, [&hellip;]<\/p>\n","protected":false},"author":3,"featured_media":2593,"comment_status":"closed","ping_status":"open","sticky":false,"template":"","format":"standard","meta":{"footnotes":""},"categories":[6,4,3],"tags":[],"class_list":["post-2592","post","type-post","status-publish","format-standard","has-post-thumbnail","hentry","category-projetos","category-rede","category-sem-categoria"],"_links":{"self":[{"href":"https:\/\/dev.enois.org\/en\/wp-json\/wp\/v2\/posts\/2592","targetHints":{"allow":["GET"]}}],"collection":[{"href":"https:\/\/dev.enois.org\/en\/wp-json\/wp\/v2\/posts"}],"about":[{"href":"https:\/\/dev.enois.org\/en\/wp-json\/wp\/v2\/types\/post"}],"author":[{"embeddable":true,"href":"https:\/\/dev.enois.org\/en\/wp-json\/wp\/v2\/users\/3"}],"replies":[{"embeddable":true,"href":"https:\/\/dev.enois.org\/en\/wp-json\/wp\/v2\/comments?post=2592"}],"version-history":[{"count":0,"href":"https:\/\/dev.enois.org\/en\/wp-json\/wp\/v2\/posts\/2592\/revisions"}],"wp:featuredmedia":[{"embeddable":true,"href":"https:\/\/dev.enois.org\/en\/wp-json\/wp\/v2\/media\/2593"}],"wp:attachment":[{"href":"https:\/\/dev.enois.org\/en\/wp-json\/wp\/v2\/media?parent=2592"}],"wp:term":[{"taxonomy":"category","embeddable":true,"href":"https:\/\/dev.enois.org\/en\/wp-json\/wp\/v2\/categories?post=2592"},{"taxonomy":"post_tag","embeddable":true,"href":"https:\/\/dev.enois.org\/en\/wp-json\/wp\/v2\/tags?post=2592"}],"curies":[{"name":"wp","href":"https:\/\/api.w.org\/{rel}","templated":true}]}}