{"id":2604,"date":"2024-07-03T21:55:00","date_gmt":"2024-07-04T00:55:00","guid":{"rendered":"https:\/\/enois.org\/?p=2604"},"modified":"2024-07-03T21:55:00","modified_gmt":"2024-07-04T00:55:00","slug":"eu-tenho-uma-historia-de-amor-com-a-enois","status":"publish","type":"post","link":"https:\/\/dev.enois.org\/en\/eu-tenho-uma-historia-de-amor-com-a-enois\/","title":{"rendered":"Eu tenho uma\u00a0hist\u00f3ria\u00a0de\u00a0amor\u00a0com a\u00a0\u00c9nois"},"content":{"rendered":"<pre class=\"wp-block-preformatted\">Oi! Aqui quem escreve \u00e9 Gl\u00f3ria Maria, comunicadora institucional da \u00c9nois.\n\nSe voc\u00ea acompanha o trabalho da \u00c9nois com frequ\u00eancia, deve ter notado que colocamos a nossa campanha de 15 anos na rua, com <a href=\"https:\/\/old.enoisconteudo.com.br\/enois15anos\"><mark><strong>um manifesto que resgata a hist\u00f3ria da organiza\u00e7\u00e3o no mesmo passo que alimenta as nossas perspectivas de futuro impulsionando o jornalismo diverso<\/strong><\/mark><\/a>, feito em territ\u00f3rios populares Brasil afora e, qui\u00e7\u00e1 um dia, na Am\u00e9rica Latina.\n\nFalo sobre isso porque trago novidades na volta da nossa newsletter \u201c\u00c9nois que t\u00e1 junto!\u201d. Esse espa\u00e7o continuar\u00e1 sendo ocupado por hist\u00f3rias do jornalismo local com a \u00c9nois, mas toma uma nova roupagem\u2026 Ap\u00f3s um mergulho da nossa equipe nesses 15 anos de caminhada, elegemos alguns marcos que precisamos compartilhar com voc\u00eas.\n\nEu diria que, a partir de hoje, contarei hist\u00f3rias de amor com a \u00c9nois. E escolhi come\u00e7ar com a minha.\n\nSou ex-aluna da Escola de Jornalismo da organiza\u00e7\u00e3o, m\u00e3e da Emanuele e moradora de Parais\u00f3polis, segunda maior favela de S\u00e3o Paulo, localizada na Zona Sul da cidade. Me recordo como se fosse ontem\u2026 Em 2017, eu era uma jovem negra e de periferia, com 17 anos, que buscava oportunidades gratuitas na \u00e1rea de comunica\u00e7\u00e3o. Logo depois de finalizar a forma\u00e7\u00e3o \u201cVoc\u00ea Rep\u00f3rter da Periferia\u201d do <a href=\"https:\/\/desenrolaenaomenrola.com.br\/\"><mark><strong>Desenrola e N\u00e3o me Enrola<\/strong><\/mark><\/a>, encontrei a \u00c9nois pelas redes sociais e mergulhei em mais um processo formativo que durou um ano. \n\nUm ano que mais parecia 10, de tanta transforma\u00e7\u00e3o e aprendizado\u2026\n\nNeste per\u00edodo, acabei mergulhando tamb\u00e9m em reflex\u00f5es e experi\u00eancias que forjaram muito do que sou hoje. Fui parar no Rio de Janeiro, em meados de novembro do mesmo ano, com minha turma formada por 10 jovens das periferias de S\u00e3o Paulo, para produzir uma reportagem <a href=\"https:\/\/www.nexojornal.com.br\/especial\/2017\/11\/29\/conexao-quebrada\"><strong><mark>\u201cConex\u00e3o Quebrada\u201d<\/mark><\/strong><\/a> em colabora\u00e7\u00e3o com o <a href=\"https:\/\/datalabe.org\/\"><strong><mark>data_labe<\/mark><\/strong><\/a>, em que pautamos o problema de acesso \u00e0 internet nas periferias cariocas e paulistas.\n\nMinha filha Emanuele, mais conhecida como Manu pelas amizades e a fam\u00edlia, tinha 4 anos de idade e pode me acompanhar nessa empreitada. Enquanto eu vivia um interc\u00e2mbio de viv\u00eancias com diversos jovens por meio do jornalismo, ela via o mar pela primeira vez. Amanda Rahra, co-fundadora e diretora de Mobiliza\u00e7\u00e3o da \u00c9nois, junto a Gilberto Vieira, co-fundador do data_labe, passaram o dia com ela na praia do Leme.\n\nManu fascinada pela imensid\u00e3o azul e com os p\u00e9s na areia. Eu de olhos, ouvidos e cora\u00e7\u00e3o atentos \u00e0 pauta, tamb\u00e9m parecia ver o mar pela primeira vez. Um outro mar que se chamava jornalismo feito por quem vive a realidade do nosso pa\u00eds.\n\nFoi com essa sensa\u00e7\u00e3o que me formei jornalista na \u00c9nois,  em 2017. O come\u00e7o de uma trajet\u00f3ria que se conecta com a cultura e diversos outros projetos sociais. Dei umas andadas pela \u00e1rea de cinema, quando peguei experi\u00eancia com produ\u00e7\u00f5es audiovisuais. Fiz um freela para a \u00c9nois e me tornei residente da \u00e1rea Forma\u00e7\u00e3o, em que atuei por dois anos, e depois fui para a comunica\u00e7\u00e3o. Daqui, escrevo como comunicadora institucional de uma organiza\u00e7\u00e3o em que me formei\u2026\n\nHoje, toco projetos sociais em Parais\u00f3polis, como o <a href=\"https:\/\/www.instagram.com\/7notas.7\/\"><mark><strong>7 Notas<\/strong><\/mark><\/a>, um est\u00fadio comunit\u00e1rio que realiza forma\u00e7\u00f5es para m\u00fasicos das periferias, e que agora toma outros rumos com parceiros como a <a href=\"https:\/\/www.instagram.com\/cangururecs\/\"><mark><strong>Canguru Records<\/strong><\/mark><\/a>, um selo da Universal Music, onde nos juntamos dando origem a <a href=\"https:\/\/www.instagram.com\/canguruparaisopolis\/\"><strong><mark>Canguru Parais\u00f3polis<\/mark><\/strong><\/a>, assim, continuamos abrindo espa\u00e7o para esses jovens, que muitas vezes n\u00e3o tem condi\u00e7\u00f5es de pagar para produzir seu som, e distribuir com toda formaliza\u00e7\u00e3o em dia. A estrutura\u00e7\u00e3o do 7 Notas, tamb\u00e9m veio de muitas experi\u00eancias e acessos que tenho dentro da \u00c9nois, como uma estrutura\u00e7\u00e3o de relat\u00f3rio de presta\u00e7\u00e3o de contas, meios de capta\u00e7\u00e3o de recursos, escrita de projetos e outras mil e uma coisas. A \u00c9nois tamb\u00e9m \u00e9 esse lugar que compartilha e troca conhecimentos,  apoiando iniciativas das periferias como o 7 Notas. \n\nHoje, celebro a \u00c9nois como uma escola da vida.\nMinha hist\u00f3ria de amor e transforma\u00e7\u00e3o regada ao compromisso com a diversidade. Em 15 anos, a \u00c9nois conseguiu se conectar com muitas pessoas assim como eu. Aqui, tem gente de Parais\u00f3polis, gente da Zona Leste de S\u00e3o Paulo\u2026 Gente de todas as regi\u00f5es do pa\u00eds que v\u00eaem no jornalismo um lugar para combater desigualdades e fortalecer seus territ\u00f3rios.\n\nEsse relato \u00e9 um pouquinho da minha hist\u00f3ria de amor com a \u00c9nois. Me conta\u2026 Como chegou a\u00ed para voc\u00ea? Por c\u00e1, ainda vamos contar bastante coisa nas pr\u00f3ximas edi\u00e7\u00f5es dessa news.\n\nNas redes sociais, levantamos a tag <a href=\"https:\/\/www.instagram.com\/p\/C8mz3PLvILV\/\"><mark><strong>#Euea\u00c9nois<\/strong><\/mark><\/a> para quem tamb\u00e9m quiser contar com a gente a sua hist\u00f3ria de amor com a organiza\u00e7\u00e3o. Bacana, n\u00e9? Vem com a  gente!\n<\/pre>","protected":false},"excerpt":{"rendered":"<p>Oi! Aqui quem escreve \u00e9 Gl\u00f3ria Maria, comunicadora institucional da \u00c9nois. Se voc\u00ea acompanha o trabalho da \u00c9nois com frequ\u00eancia, deve ter notado que colocamos a nossa campanha de 15 anos na rua, com um manifesto que resgata a hist\u00f3ria da organiza\u00e7\u00e3o no mesmo passo que alimenta as nossas perspectivas de futuro impulsionando o jornalismo [&hellip;]<\/p>\n","protected":false},"author":3,"featured_media":2605,"comment_status":"closed","ping_status":"open","sticky":false,"template":"","format":"standard","meta":{"footnotes":""},"categories":[5,2],"tags":[],"class_list":["post-2604","post","type-post","status-publish","format-standard","has-post-thumbnail","hentry","category-artigo","category-institucional"],"_links":{"self":[{"href":"https:\/\/dev.enois.org\/en\/wp-json\/wp\/v2\/posts\/2604","targetHints":{"allow":["GET"]}}],"collection":[{"href":"https:\/\/dev.enois.org\/en\/wp-json\/wp\/v2\/posts"}],"about":[{"href":"https:\/\/dev.enois.org\/en\/wp-json\/wp\/v2\/types\/post"}],"author":[{"embeddable":true,"href":"https:\/\/dev.enois.org\/en\/wp-json\/wp\/v2\/users\/3"}],"replies":[{"embeddable":true,"href":"https:\/\/dev.enois.org\/en\/wp-json\/wp\/v2\/comments?post=2604"}],"version-history":[{"count":0,"href":"https:\/\/dev.enois.org\/en\/wp-json\/wp\/v2\/posts\/2604\/revisions"}],"wp:featuredmedia":[{"embeddable":true,"href":"https:\/\/dev.enois.org\/en\/wp-json\/wp\/v2\/media\/2605"}],"wp:attachment":[{"href":"https:\/\/dev.enois.org\/en\/wp-json\/wp\/v2\/media?parent=2604"}],"wp:term":[{"taxonomy":"category","embeddable":true,"href":"https:\/\/dev.enois.org\/en\/wp-json\/wp\/v2\/categories?post=2604"},{"taxonomy":"post_tag","embeddable":true,"href":"https:\/\/dev.enois.org\/en\/wp-json\/wp\/v2\/tags?post=2604"}],"curies":[{"name":"wp","href":"https:\/\/api.w.org\/{rel}","templated":true}]}}