{"id":2607,"date":"2024-06-12T21:59:00","date_gmt":"2024-06-13T00:59:00","guid":{"rendered":"https:\/\/enois.org\/?p=2607"},"modified":"2024-06-12T21:59:00","modified_gmt":"2024-06-13T00:59:00","slug":"enois-15-anos-de-jornalismo-diversidade-e-territorios","status":"publish","type":"post","link":"https:\/\/dev.enois.org\/en\/enois-15-anos-de-jornalismo-diversidade-e-territorios\/","title":{"rendered":"\u00c9nois: 15 anos de jornalismo, diversidade e territ\u00f3rios"},"content":{"rendered":"<pre class=\"wp-block-preformatted\">Cuidar do jornalismo local \u00e9 fortalecer pessoas e organiza\u00e7\u00f5es que atuam em territ\u00f3rios populares, \u00e9 transformar o cotidiano e a vida das pessoas. A \u00c9nois aprendeu essa premissa na pr\u00e1tica, ao longo desses 15 anos. Come\u00e7ando nas periferias de S\u00e3o Paulo e conhecendo outras realidades Brasil afora.<\/pre>\n\n\n\n<pre class=\"wp-block-preformatted\">Somos uma rede com <a href=\"https:\/\/drive.google.com\/file\/d\/113fe-mcRI2qM5yArW-Ic4g3ppOgSSba-\/view?usp=drive_link\"><strong><mark>cerca de 1,7 mil comunicadoras e comunicadores&nbsp; atuantes em seus territ\u00f3rios<\/mark><\/strong><\/a>. Somos majoritariamente mulheres, pessoas negras e localizadas em regi\u00f5es perif\u00e9ricas por todos os estados&nbsp; do Brasil. Esta \u00e9 a nossa rede, e falamos que \u201csomos\u201d, porque sem ela o nosso existir n\u00e3o teria sentido algum. Nascemos como \u00c9nois e seguimos assim ao longo desse anos: expandindo em coletividade.&nbsp;<\/pre>\n\n\n\n<pre class=\"wp-block-preformatted\">Apoiamos gente que pauta e narra o que vive a partir de periferias, favelas, quilombos, territ\u00f3rios ind\u00edgenas, ribeirinhos e tradicionais, sert\u00f5es, agrestes, e diversas outras comunidades brasileiras. Estimulamos que esses e essas comunicadores e comunicadoras denunciem desigualdades em seu dia a dia e, ao mesmo tempo, tragam solu\u00e7\u00f5es e futuros poss\u00edveis tecidos a partir de tecnologias locais. Esse \u00e9 o ecossistema jornal\u00edstico que valorizamos e cultivamos.<\/pre>\n\n\n\n<p><strong><mark>Nossa trajet\u00f3ria<\/mark><\/strong><\/p>\n\n\n\n<pre class=\"wp-block-preformatted\">Desde o in\u00edcio da<mark> <\/mark><a href=\"https:\/\/youtu.be\/DhR3bfIjS94?feature=shared\" target=\"_blank\" rel=\"noreferrer noopener\"><strong><mark>Escola de Jornalismo (2009)<\/mark><\/strong><\/a>, na Casa do Zezinho, em S\u00e3o Paulo, at\u00e9 os dias de hoje, como laborat\u00f3rio de abrang\u00eancia nacional, a \u00c9nois dedica tempo, recursos e cuidado para pessoas e organiza\u00e7\u00f5es desse ecossistema, que tem a sua exist\u00eancia desafiada pela escassez de investimentos, estrutura e forma\u00e7\u00e3o para fazer florescer sua atua\u00e7\u00e3o. S\u00e3o jornalistas e organiza\u00e7\u00f5es que est\u00e3o fora do radar de grandes investidores, mas que s\u00e3o fundamentais para estimular a cultura da informa\u00e7\u00e3o.&nbsp;<\/pre>\n\n\n\n<pre class=\"wp-block-preformatted\">Temos como ponto de partida a diversidade de g\u00eanero, ra\u00e7a e territ\u00f3rio e, como horizonte, o fortalecimento da democracia. A partir de uma equipe diversa, se produz um jornalismo tamb\u00e9m diverso, representativo e local que incide na melhoria de vida das pessoas.&nbsp;<\/pre>\n\n\n\n<pre class=\"wp-block-preformatted\">O fio condutor dessa jornada \u00e9 a transforma\u00e7\u00e3o por meio da educa\u00e7\u00e3o, da partilha de conhecimentos nas mais diversas camadas do jornalismo. Com sistematiza\u00e7\u00f5es e metodologias de cuidado, gest\u00e3o, capta\u00e7\u00e3o, financeiro, produ\u00e7\u00e3o jornal\u00edstica, debatemos vis\u00f5es, formatos, fontes, distribui\u00e7\u00e3o e tecnologias se pautando sempre pela inova\u00e7\u00e3o que s\u00f3 a diversidade pode trazer.<\/pre>\n\n\n\n<p><strong><mark>Conquistas coletivas<\/mark><\/strong><\/p>\n\n\n\n<pre class=\"wp-block-preformatted\">Hoje, trilhamos um caminho de viv\u00eancias, experimenta\u00e7\u00e3o, pesquisas, estudos e an\u00e1lises da realidade do jornalismo brasileiro no contexto social do pa\u00eds, fazendo isso junto com quem faz o jornalismo nos territ\u00f3rios. Incorporamos em nosso fazer cotidiano o compromisso com a justi\u00e7a social e clim\u00e1tica considerando o jornalismo como uma mola propulsora dessa revolu\u00e7\u00e3o.<\/pre>\n\n\n\n<pre class=\"wp-block-preformatted\">Fazemos a muitas m\u00e3os: equipe, rede, parcerias, financiadores e doadores. Celebramos nestes 15 anos nossa nacionaliza\u00e7\u00e3o e a distribui\u00e7\u00e3o de mais de 40% do nosso or\u00e7amento para iniciativas de comunica\u00e7\u00e3o de todo o pa\u00eds, em 2023. Seguiremos cultivando o sonho de se tornar uma rede latino-americana de jornalismo perif\u00e9rico e te convidamos a vir conosco.<\/pre>\n\n\n\n<pre class=\"wp-block-preformatted\"><strong><mark>A hora de transformar o jornalismo \u00e9 sempre o agora.<\/mark><\/strong><\/pre>\n\n\n\n<p><strong><mark>Como a \u00c9nois transforma o jornalismo?<\/mark><\/strong><\/p>\n\n\n\n<pre class=\"wp-block-preformatted\"><a href=\"https:\/\/youtu.be\/Fp6ZYaX0amU?feature=shared\"><strong><mark>A gente investe conhecimento, grana e afeto no ecossistema do jornalismo local.<\/mark><\/strong><\/a> O que chega na \u00c9nois mant\u00e9m a nossa estrutura e \u00e9 distribu\u00eddo para nossa rede em formato de cursos, treinamentos, mentorias, sistematiza\u00e7\u00f5es e metodologias, pesquisas e mapeamentos, apoio financeiro e produ\u00e7\u00f5es colaborativas - como nosso famoso guia gastron\u00f4micos das periferias, o Prato Firmeza, ganhador do Pr\u00eamio Jabuti, em 2021.<\/pre>\n\n\n\n<pre class=\"wp-block-preformatted\">Semeamos para acompanhar nascimento, crescimento e novos caminhos de iniciativas de jornalismo, comunica\u00e7\u00e3o e cultura em diversos territ\u00f3rios brasileiros. Somos um laborat\u00f3rio, e a partilha de experi\u00eancias est\u00e1 presente em todas as nossas inst\u00e2ncias, isso quer dizer que a nossa viv\u00eancia como organiza\u00e7\u00e3o social tamb\u00e9m vira metodologia e ferramenta de apoio. Existimos para partilhar conhecimento em rede.<\/pre>\n\n\n\n<p><strong><mark>Como apoiar a \u00c9nois?<\/mark><\/strong><\/p>\n\n\n\n<pre class=\"wp-block-preformatted\">Se a sua contribui\u00e7\u00e3o for financeira, voc\u00ea pode fazer um <mark><strong>PIX<\/strong>: <strong>24.324.132\/0001-37 (CNPJ)<\/strong><\/mark>. Envia o comprovante para a gente e d\u00e1 um \u201coi\u201d para continuarmos a nossa prosa:<mark> <\/mark><strong><mark>contato@old.enoisconteudo.com.br<\/mark><\/strong><mark>\n<\/mark>\nNos fa\u00e7a chegar em mais pessoas e territ\u00f3rios: acompanhe, curta e compartilhe a gente nas redes sociais <strong><a href=\"https:\/\/www.instagram.com\/enoisconteudo\/\"><mark>@enoisconteudo<\/mark><\/a><\/strong>\n<a href=\"https:\/\/old.enoisconteudo.com.br\/\"><strong><mark>Confira  e compartilhe as nossas principais not\u00edcias aqui no site!<\/mark><\/strong><\/a>\n\nFique por dentro do <a href=\"https:\/\/youtube.com\/playlist?list=PLhkWZx0gxkbieblfgqaeTuR_IrYTIvjqU&amp;feature=shared\"><mark><strong>Reda\u00e7\u00e3o Aberta<\/strong><\/mark><\/a>, uma sala de reda\u00e7\u00e3o online e ao vivo onde se debate temas centrais e atuais do jornalismo, com especialistas que entendem bem do nosso fazer.\n<a href=\"https:\/\/old.enoisconteudo.com.br\/newsletter\/\"><mark><strong>Leia a nossa newsletter, a Diversa.<\/strong><\/mark><\/a><mark>\n<\/mark><mark>T<strong>eve a ideia de alguma parceria com a \u00c9nois? Envia e-mail para contato@old.enoisconteudo.com.br<\/strong><\/mark><\/pre>","protected":false},"excerpt":{"rendered":"<p>Cuidar do jornalismo local \u00e9 fortalecer pessoas e organiza\u00e7\u00f5es que atuam em territ\u00f3rios populares, \u00e9 transformar o cotidiano e a vida das pessoas. A \u00c9nois aprendeu essa premissa na pr\u00e1tica, ao longo desses 15 anos. Come\u00e7ando nas periferias de S\u00e3o Paulo e conhecendo outras realidades Brasil afora. Somos uma rede com cerca de 1,7 mil [&hellip;]<\/p>\n","protected":false},"author":3,"featured_media":2608,"comment_status":"closed","ping_status":"open","sticky":false,"template":"","format":"standard","meta":{"footnotes":""},"categories":[2],"tags":[],"class_list":["post-2607","post","type-post","status-publish","format-standard","has-post-thumbnail","hentry","category-institucional"],"_links":{"self":[{"href":"https:\/\/dev.enois.org\/en\/wp-json\/wp\/v2\/posts\/2607","targetHints":{"allow":["GET"]}}],"collection":[{"href":"https:\/\/dev.enois.org\/en\/wp-json\/wp\/v2\/posts"}],"about":[{"href":"https:\/\/dev.enois.org\/en\/wp-json\/wp\/v2\/types\/post"}],"author":[{"embeddable":true,"href":"https:\/\/dev.enois.org\/en\/wp-json\/wp\/v2\/users\/3"}],"replies":[{"embeddable":true,"href":"https:\/\/dev.enois.org\/en\/wp-json\/wp\/v2\/comments?post=2607"}],"version-history":[{"count":0,"href":"https:\/\/dev.enois.org\/en\/wp-json\/wp\/v2\/posts\/2607\/revisions"}],"wp:featuredmedia":[{"embeddable":true,"href":"https:\/\/dev.enois.org\/en\/wp-json\/wp\/v2\/media\/2608"}],"wp:attachment":[{"href":"https:\/\/dev.enois.org\/en\/wp-json\/wp\/v2\/media?parent=2607"}],"wp:term":[{"taxonomy":"category","embeddable":true,"href":"https:\/\/dev.enois.org\/en\/wp-json\/wp\/v2\/categories?post=2607"},{"taxonomy":"post_tag","embeddable":true,"href":"https:\/\/dev.enois.org\/en\/wp-json\/wp\/v2\/tags?post=2607"}],"curies":[{"name":"wp","href":"https:\/\/api.w.org\/{rel}","templated":true}]}}