{"id":2619,"date":"2025-03-13T22:14:00","date_gmt":"2025-03-14T01:14:00","guid":{"rendered":"https:\/\/enois.org\/?p=2619"},"modified":"2025-03-13T22:14:00","modified_gmt":"2025-03-14T01:14:00","slug":"como-buscar-mudancas-estruturais-sem-investir-na-estrutura","status":"publish","type":"post","link":"https:\/\/dev.enois.org\/en\/como-buscar-mudancas-estruturais-sem-investir-na-estrutura\/","title":{"rendered":"Como buscar mudan\u00e7as estruturais sem investir na estrutura?"},"content":{"rendered":"<p id=\"ember58\">Existe um movimento do capitalismo, que n\u00e3o \u00e9 nenhuma novidade, de atrair investimentos em torno de eventos. \u00c9 quase como a pergunta do ovo e da galinha: os investimentos existem por conta do evento ou o evento \u00e9 o que mobiliza os investimentos? Fato \u00e9 que grandes eventos movimentam a economia. Quando falamos da Confer\u00eancia do Clima, n\u00e3o \u00e9 diferente. Esse grande evento mobiliza o mercado imobili\u00e1rio, tur\u00edstico, hoteleiro, de servi\u00e7os e, claro, o terceiro setor.<\/p>\n\n\n\n<p id=\"ember59\">Na \u00c9nois, temos observado como as institui\u00e7\u00f5es filantr\u00f3picas t\u00eam se voltado a financiar organiza\u00e7\u00f5es em Bel\u00e9m e na regi\u00e3o amaz\u00f4nica em raz\u00e3o da COP-30 acontecer ali. O que chama a aten\u00e7\u00e3o \u00e9 a maneira como isso tem acontecido.<\/p>\n\n\n\n<blockquote class=\"wp-block-quote is-layout-flow wp-block-quote-is-layout-flow\">\n<p>\u201cMuitos desses financiamentos s\u00e3o voltados exclusivamente para a\u00e7\u00f5es pontuais, n\u00e3o t\u00eam um compromisso com a continuidade e o fortalecimento institucional a longo prazo e est\u00e3o sendo direcionados para grandes organiza\u00e7\u00f5es\u201d, diz Marcos Wesley, Assessor Pol\u00edtico e Institucional do <a href=\"https:\/\/comitecop30.org\/\">Comit\u00ea COP-30<\/a> e co-fundador do <a href=\"https:\/\/www.tapajosdefato.com.br\/\">Tapaj\u00f3s de Fato<\/a>.<\/p>\n<\/blockquote>\n\n\n\n<p id=\"ember61\">Financiadores se veem \u00e0s voltas sem saber como atuar para apoiar o desenvolvimento territorial voltado \u00e0 sustentabilidade ou escolhem deliberadamente manter a\u00e7\u00f5es pontuais, evitando mudan\u00e7as estruturais? O ovo ou a galinha.<\/p>\n\n\n\n<p id=\"ember62\">A situa\u00e7\u00e3o \u00e9 ainda mais dif\u00edcil para a comunica\u00e7\u00e3o popular e para a\u00e7\u00f5es voltadas \u00e0s periferias e comunidades tradicionais \u2013 geralmente fora do foco de financiadores socioambientais e com dificuldade para se enquadrar nas exig\u00eancias dos editais. Assim, coletivos e ve\u00edculos de comunica\u00e7\u00e3o seguem sem conseguir garantir sustentabilidade ap\u00f3s a COP.<\/p>\n\n\n\n<blockquote class=\"wp-block-quote is-layout-flow wp-block-quote-is-layout-flow\">\n<p>\u201cH\u00e1 muita grana rolando em rela\u00e7\u00e3o \u00e0 COP e h\u00e1 promessa de mais grana ainda, mas isso n\u00e3o est\u00e1 chegando na ponta\u201d, relata Cec\u00edlia Amorim, co-diretora da <a href=\"https:\/\/cartaamazonia.com.br\/\">Ag\u00eancia Afroind\u00edgena Carta Amaz\u00f4nia de Jornalismo Ambiental<\/a>. Ela conta que a organiza\u00e7\u00e3o tem sido sondada para financiamentos, mas nenhum apoio se confirma.<\/p>\n<\/blockquote>\n\n\n\n<figure class=\"wp-block-image size-full is-resized\"><img loading=\"lazy\" decoding=\"async\" width=\"770\" height=\"513\" src=\"https:\/\/dev.enois.org\/wp-content\/uploads\/sites\/18\/2025\/10\/1741889861182.png\" alt=\"\" class=\"wp-image-2621\" style=\"aspect-ratio:1;width:650px;height:auto\" srcset=\"https:\/\/dev.enois.org\/wp-content\/uploads\/2025\/10\/1741889861182.png 770w, https:\/\/dev.enois.org\/wp-content\/uploads\/2025\/10\/1741889861182-300x200.png 300w, https:\/\/dev.enois.org\/wp-content\/uploads\/2025\/10\/1741889861182-768x512.png 768w\" sizes=\"auto, (max-width: 770px) 100vw, 770px\" \/><\/figure>\n\n\n\n<p><em>Rio de Janeiro (RJ) 20\/09\/2024 \u2013 Manifesta\u00e7\u00e3o Marcha pelo Clima, que se realiza anualmente em diversas cidades do mundo e alerta para a crise clim\u00e1tica e o aumento dos eventos clim\u00e1ticos extremos. Foto: Fernando Fraz\u00e3o\/Ag\u00eancia Brasil<\/em><\/p>\n\n\n\n<p id=\"ember66\">Quando voltamos ao campo, vemos que as respostas j\u00e1 existem. Consultar as iniciativas, escutar e redesenhar as metodologias de financiamento \u00e9 um caminho corajoso diante da cacofonia salvacionista. E comunica\u00e7\u00e3o \u00e9 uma ferramenta de transforma\u00e7\u00e3o social quando falamos de clima, porque falar de clima \u00e9 falar de alimenta\u00e7\u00e3o, transporte, pol\u00edticas p\u00fablicas e sobreviv\u00eancia di\u00e1ria.<\/p>\n\n\n\n<p id=\"ember67\">Quem est\u00e1 pautando isso nas periferias? E como?<\/p>\n\n\n\n<blockquote class=\"wp-block-quote is-layout-flow wp-block-quote-is-layout-flow\"><\/blockquote>\n\n\n\n<blockquote class=\"wp-block-quote is-layout-flow wp-block-quote-is-layout-flow\">\n<p>A comunica\u00e7\u00e3o precisa ser vista como pilar estrat\u00e9gico da agenda clim\u00e1tica, mas n\u00e3o \u00e9. \u201cPouqu\u00edssimas filantropias apoiam comunica\u00e7\u00e3o. Menos ainda o jornalismo. \u00c9 visto como secund\u00e1rio, mesmo quando se reconhece seu papel\u201d, aponta Gave<\/p>\n<\/blockquote>\n\n\n\n<p><\/p>\n\n\n\n<p id=\"ember69\">Sabemos que a maioria das iniciativas de comunica\u00e7\u00e3o popular existe porque indiv\u00edduos e pequenos grupos acumulam outros trabalhos e mant\u00eam esses projetos por conex\u00e3o com sua comunidade \u2013 como j\u00e1 mostrou a <a href=\"https:\/\/caixadiversidade.enois.org\/pagina-manuais\/\">pesquisa Retrato do Jornalismo Brasileiro.<\/a><\/p>\n\n\n\n<p id=\"ember70\">A Confer\u00eancia do Clima \u00e9 importante. Mas t\u00e3o importante quanto ela \u00e9 a constru\u00e7\u00e3o di\u00e1ria de solu\u00e7\u00f5es resilientes, de coopera\u00e7\u00e3o comunit\u00e1ria e de educomunica\u00e7\u00e3o nos territ\u00f3rios. As iniciativas perif\u00e9ricas precisam de mais do que doa\u00e7\u00f5es pontuais e agendas sazonais \u2013 precisam de estrutura, continuidade e investimento real.<\/p>","protected":false},"excerpt":{"rendered":"<p>Existe um movimento do capitalismo, que n\u00e3o \u00e9 nenhuma novidade, de atrair investimentos em torno de eventos. \u00c9 quase como a pergunta do ovo e da galinha: os investimentos existem por conta do evento ou o evento \u00e9 o que mobiliza os investimentos? Fato \u00e9 que grandes eventos movimentam a economia. Quando falamos da Confer\u00eancia [&hellip;]<\/p>\n","protected":false},"author":3,"featured_media":2620,"comment_status":"closed","ping_status":"open","sticky":false,"template":"","format":"standard","meta":{"footnotes":""},"categories":[7],"tags":[],"class_list":["post-2619","post","type-post","status-publish","format-standard","has-post-thumbnail","hentry","category-enews"],"_links":{"self":[{"href":"https:\/\/dev.enois.org\/en\/wp-json\/wp\/v2\/posts\/2619","targetHints":{"allow":["GET"]}}],"collection":[{"href":"https:\/\/dev.enois.org\/en\/wp-json\/wp\/v2\/posts"}],"about":[{"href":"https:\/\/dev.enois.org\/en\/wp-json\/wp\/v2\/types\/post"}],"author":[{"embeddable":true,"href":"https:\/\/dev.enois.org\/en\/wp-json\/wp\/v2\/users\/3"}],"replies":[{"embeddable":true,"href":"https:\/\/dev.enois.org\/en\/wp-json\/wp\/v2\/comments?post=2619"}],"version-history":[{"count":0,"href":"https:\/\/dev.enois.org\/en\/wp-json\/wp\/v2\/posts\/2619\/revisions"}],"wp:featuredmedia":[{"embeddable":true,"href":"https:\/\/dev.enois.org\/en\/wp-json\/wp\/v2\/media\/2620"}],"wp:attachment":[{"href":"https:\/\/dev.enois.org\/en\/wp-json\/wp\/v2\/media?parent=2619"}],"wp:term":[{"taxonomy":"category","embeddable":true,"href":"https:\/\/dev.enois.org\/en\/wp-json\/wp\/v2\/categories?post=2619"},{"taxonomy":"post_tag","embeddable":true,"href":"https:\/\/dev.enois.org\/en\/wp-json\/wp\/v2\/tags?post=2619"}],"curies":[{"name":"wp","href":"https:\/\/api.w.org\/{rel}","templated":true}]}}