{"id":2624,"date":"2025-05-12T05:56:00","date_gmt":"2025-05-12T08:56:00","guid":{"rendered":"https:\/\/enois.org\/?p=2624"},"modified":"2025-05-12T05:56:00","modified_gmt":"2025-05-12T08:56:00","slug":"cuidar-da-narrativa-e-parte-da-pauta-cobrir-pessoas-trans-com-responsabilidade","status":"publish","type":"post","link":"https:\/\/dev.enois.org\/en\/cuidar-da-narrativa-e-parte-da-pauta-cobrir-pessoas-trans-com-responsabilidade\/","title":{"rendered":"Cuidar da narrativa \u00e9 parte da pauta: cobrir pessoas trans com responsabilidade"},"content":{"rendered":"<p><strong>A forma como contamos essas hist\u00f3rias importa \u2014 e pode refor\u00e7ar preconceitos. Como fazer diferente?<\/strong><\/p>\n\n\n\n<p id=\"ember59\">A pauta trans tem ocupado o centro dos debates p\u00fablicos \u2013 e com isso, tamb\u00e9m os feeds, as reda\u00e7\u00f5es e os trending topics. O caso da deputada Erika Hilton, <a href=\"https:\/\/noticias.uol.com.br\/politica\/ultimas-noticias\/2025\/04\/29\/com-apoio-de-150-entidades-erika-hilton-leva-caso-de-transfobia-aonu.htm&amp;sa=\">que teve seu visto emitido com nome morto e g\u00eanero incorreto pelo governo dos EUA<\/a>, acendeu um alerta. Enquanto isso, empresas e institui\u00e7\u00f5es como a USAID anunciam retrocessos em pol\u00edticas de apoio \u00e0 popula\u00e7\u00e3o trans. Esses sinais mostram que estamos diante de uma ofensiva coordenada, que usa cargos de poder para minar direitos e identidades.<\/p>\n\n\n\n<p id=\"ember60\">Organiza\u00e7\u00f5es trans est\u00e3o atentas, refletindo as consequ\u00eancias desse cen\u00e1rio, como pontua Ca\u00ea Vatiero, diretor institucional da <a href=\"https:\/\/transmidiajornalismo.com.br\/\">Transm\u00eddia Jornalismo<\/a>.<\/p>\n\n\n\n<blockquote class=\"wp-block-quote is-layout-flow wp-block-quote-is-layout-flow\">\n<p>\u201cA avalia\u00e7\u00e3o da Transm\u00eddia \u00e9 de que vivemos um momento de tensionamento. Embora haja avan\u00e7os importantes em termos de visibilidade e reconhecimento, como decis\u00f5es do Supremo Tribunal Federal (STF) de reconhecimento de g\u00eanero neutro e mais universidades aderindo cotas trans, esses direitos continuam sendo sistematicamente atacados por discursos conservadores, pol\u00edticas excludentes e pela ascens\u00e3o de uma extrema direita que instrumentaliza o \u00f3dio contra pessoas trans para mobilizar sua base. Somado a isso, temos a desinforma\u00e7\u00e3o, que na nossa avalia\u00e7\u00e3o \u00e9 uma das principais estrat\u00e9gias para atingir vidas trans e travestis.\u201d<\/p>\n<\/blockquote>\n\n\n\n<p>Nesse contexto, a comunica\u00e7\u00e3o tem um papel decisivo. N\u00e3o basta acertar nos pronomes ou fazer perfis celebrativos em datas comemorativas. A forma como constru\u00edmos nossas narrativas pode, mesmo sem inten\u00e7\u00e3o, alimentar a transfobia. Quando uma mat\u00e9ria n\u00e3o contextualiza o preconceito estrutural ou destaca pol\u00eamicas sem cuidado, ela se torna muni\u00e7\u00e3o para quem j\u00e1 est\u00e1 mobilizado contra os direitos dessa popula\u00e7\u00e3o. A comunica\u00e7\u00e3o n\u00e3o pode, portanto, esquecer que tamb\u00e9m tem fun\u00e7\u00e3o educativa.<\/p>\n\n\n\n<blockquote class=\"wp-block-quote is-layout-flow wp-block-quote-is-layout-flow\">\n<p>\u201cN\u00e3o queremos nossas mat\u00e9rias virando combust\u00edvel para coment\u00e1rios de \u00f3dio ou para refor\u00e7ar a vilaniza\u00e7\u00e3o de pessoas trans. Precisamos reeducar os nossos p\u00fablicos \u2013 e tamb\u00e9m a n\u00f3s mesmas \u2013 para narrativas mais \u00e9ticas, cuidadosas, plurais\u201d, alerta Sanara Santos, diretora da \u00c9nois e da Transm\u00eddia Jornalismo.<\/p>\n<\/blockquote>\n\n\n\n<p>Isso n\u00e3o significa que n\u00e3o se deva falar sobre temas sens\u00edveis, como transi\u00e7\u00e3o de g\u00eanero na adolesc\u00eancia ou amamenta\u00e7\u00e3o por pessoas trans. Mas \u00e9 preciso saber como contar essas hist\u00f3rias. Quem s\u00e3o as fontes? Qual o t\u00edtulo escolhido? Que imagem acompanha o texto? Qual o impacto prov\u00e1vel na audi\u00eancia? <a href=\"https:\/\/www1.folha.uol.com.br\/equilibrioesaude\/2025\/04\/maes-trans-conseguem-amamentar-com-lactacao-induzida-mas-sofrem-preconceito-ate-de-medicos.shtml\">O caso recente da<\/a> <a href=\"https:\/\/www1.folha.uol.com.br\/equilibrioesaude\/2025\/04\/maes-trans-conseguem-amamentar-com-lactacao-induzida-mas-sofrem-preconceito-ate-de-medicos.shtml\"><em>Folha de S. Paulo<\/em>, por exemplo<\/a>, cuja mat\u00e9ria desembocou em transfobia a partir da realidade da amamenta\u00e7\u00e3o realizada por pessoas trans, mostra como os ve\u00edculos podem falhar na abordagem e abrir espa\u00e7o para o preconceito.<\/p>\n\n\n\n<blockquote class=\"wp-block-quote is-layout-flow wp-block-quote-is-layout-flow\">\n<p>\u201cAcertar o pronome ou incluir uma fonte trans \u00e9 s\u00f3 o b\u00e1sico. Uma cobertura \u00e9tica exige centralidade trans na narrativa, com pessoas trans falando por si e tamb\u00e9m sobre outros temas. \u00c9 preciso contextualizar as pautas, mostrando as causas estruturais da transfobia e as suas interseccionalidades com o racismo e a misoginia, por exemplo. A presen\u00e7a de jornalistas trans nas reda\u00e7\u00f5es \u00e9 outro fator essencial para transformar o jornalismo brasileiro\u201d, refor\u00e7a Ca\u00ea Vatiero.<\/p>\n<\/blockquote>\n\n\n\n<p id=\"ember66\">Ser aliado, na comunica\u00e7\u00e3o e no jornalismo, n\u00e3o \u00e9 s\u00f3 ampliar a voz e as pautas, \u00e9 garantir que essas vozes sejam ouvidas com respeito, contexto e humanidade. E isso exige responsabilidade. Felizmente, existem caminhos e ferramentas para isso.<\/p>\n\n\n\n<p id=\"ember67\">A <a href=\"https:\/\/caixadiversidade.enois.org\/\">Caixa de Ferramentas<\/a> da \u00c9nois re\u00fane materiais que ajudam comunicadoras e comunicadores a repensar suas pr\u00e1ticas e a evitar que suas reportagens, ainda que bem-intencionadas, reforcem discursos de \u00f3dio. \ud83d\udc49 Bora repensar a cobertura? Acesse e compartilhe com sua rede:<\/p>\n\n\n\n<ol class=\"wp-block-list\">\n<li><a href=\"https:\/\/caixadiversidade.enois.org\/2021\/06\/23\/cuidados-basicos-com-a-linguagem-ao-produzir-sobre-questoes-trans\/\">Cuidados b\u00e1sicos com a linguagem ao produzir sobre quest\u00f5es trans<\/a><\/li>\n\n\n\n<li><a href=\"https:\/\/caixadiversidade.enois.org\/2021\/08\/18\/como-falar-sobre-infancia-e-adolescencia-trans\/\">Como falar sobre inf\u00e2ncia e adolesc\u00eancia trans<\/a><\/li>\n\n\n\n<li><a href=\"https:\/\/caixadiversidade.enois.org\/2021\/06\/21\/como-garantir-uma-cobertura-precisa-e-sensivel-das-comunidades-trans\/\">Como garantir uma cobertura precisa e sens\u00edvel das comunidades trans<\/a><\/li>\n<\/ol>\n\n\n\n<p><\/p>","protected":false},"excerpt":{"rendered":"<p>A forma como contamos essas hist\u00f3rias importa \u2014 e pode refor\u00e7ar preconceitos. Como fazer diferente? A pauta trans tem ocupado o centro dos debates p\u00fablicos \u2013 e com isso, tamb\u00e9m os feeds, as reda\u00e7\u00f5es e os trending topics. O caso da deputada Erika Hilton, que teve seu visto emitido com nome morto e g\u00eanero incorreto [&hellip;]<\/p>\n","protected":false},"author":3,"featured_media":2625,"comment_status":"closed","ping_status":"open","sticky":false,"template":"","format":"standard","meta":{"footnotes":""},"categories":[7],"tags":[],"class_list":["post-2624","post","type-post","status-publish","format-standard","has-post-thumbnail","hentry","category-enews"],"_links":{"self":[{"href":"https:\/\/dev.enois.org\/en\/wp-json\/wp\/v2\/posts\/2624","targetHints":{"allow":["GET"]}}],"collection":[{"href":"https:\/\/dev.enois.org\/en\/wp-json\/wp\/v2\/posts"}],"about":[{"href":"https:\/\/dev.enois.org\/en\/wp-json\/wp\/v2\/types\/post"}],"author":[{"embeddable":true,"href":"https:\/\/dev.enois.org\/en\/wp-json\/wp\/v2\/users\/3"}],"replies":[{"embeddable":true,"href":"https:\/\/dev.enois.org\/en\/wp-json\/wp\/v2\/comments?post=2624"}],"version-history":[{"count":0,"href":"https:\/\/dev.enois.org\/en\/wp-json\/wp\/v2\/posts\/2624\/revisions"}],"wp:featuredmedia":[{"embeddable":true,"href":"https:\/\/dev.enois.org\/en\/wp-json\/wp\/v2\/media\/2625"}],"wp:attachment":[{"href":"https:\/\/dev.enois.org\/en\/wp-json\/wp\/v2\/media?parent=2624"}],"wp:term":[{"taxonomy":"category","embeddable":true,"href":"https:\/\/dev.enois.org\/en\/wp-json\/wp\/v2\/categories?post=2624"},{"taxonomy":"post_tag","embeddable":true,"href":"https:\/\/dev.enois.org\/en\/wp-json\/wp\/v2\/tags?post=2624"}],"curies":[{"name":"wp","href":"https:\/\/api.w.org\/{rel}","templated":true}]}}