{"id":2652,"date":"2025-11-14T19:38:53","date_gmt":"2025-11-14T22:38:53","guid":{"rendered":"https:\/\/enois.org\/?p=2652"},"modified":"2025-11-14T19:38:53","modified_gmt":"2025-11-14T22:38:53","slug":"compartilhando-aprendizados-na-cop-30","status":"publish","type":"post","link":"https:\/\/dev.enois.org\/en\/compartilhando-aprendizados-na-cop-30\/","title":{"rendered":"Compartilhando aprendizados na COP 30"},"content":{"rendered":"<figure class=\"wp-block-gallery has-nested-images columns-default is-cropped wp-block-gallery-1 is-layout-flex wp-block-gallery-is-layout-flex\">\n<figure class=\"wp-block-image size-large\"><img loading=\"lazy\" decoding=\"async\" width=\"1024\" height=\"768\" data-id=\"2653\" src=\"https:\/\/dev.enois.org\/wp-content\/uploads\/sites\/18\/2025\/11\/1763142711379-1024x768.jpeg\" alt=\"\" class=\"wp-image-2653\" srcset=\"https:\/\/dev.enois.org\/wp-content\/uploads\/2025\/11\/1763142711379-1024x768.jpeg 1024w, https:\/\/dev.enois.org\/wp-content\/uploads\/2025\/11\/1763142711379-300x225.jpeg 300w, https:\/\/dev.enois.org\/wp-content\/uploads\/2025\/11\/1763142711379-768x576.jpeg 768w, https:\/\/dev.enois.org\/wp-content\/uploads\/2025\/11\/1763142711379.jpeg 1280w\" sizes=\"auto, (max-width: 1024px) 100vw, 1024px\" \/><\/figure>\n<\/figure>\n\n\n\n<p>No \u00faltimo dia 11, durante a COP30, a \u00c9nois esteve presente no Bel\u00e9m+10, encontro realizado em parceria com o <a href=\"https:\/\/www.linkedin.com\/company\/imapinguari\/\">Instituto Mapinguari<\/a> e o <a href=\"https:\/\/www.linkedin.com\/company\/sustentarea\/\">Sustentarea<\/a>.<br><br>Nossa gerente do Laborat\u00f3rio \u00c9nois, <a href=\"https:\/\/www.linkedin.com\/in\/jessica-mota\/\">Jessica Mota<\/a>, integrou a mesa de debate para compartilhar aprendizados do Prato Firmeza Amaz\u00f4nia. A conversa trouxe reflex\u00f5es potentes sobre como alimenta\u00e7\u00e3o e clima s\u00e3o agendas profundamente conectadas, e como a cultura alimentar dos povos tradicionais da Amaz\u00f4nia precisa ser reconhecida como solu\u00e7\u00e3o clim\u00e1tica. Refor\u00e7amos sobre o valor da tradi\u00e7\u00e3o como futuro, e sobre a urg\u00eancia de fortalecer esses saberes e pr\u00e1ticas por meio de pol\u00edticas p\u00fablicas.<br><br>O debate tamb\u00e9m passou por temas como distribui\u00e7\u00e3o, comercializa\u00e7\u00e3o, fortalecimento de feiras e pela import\u00e2ncia de articular essas discuss\u00f5es \u00e0s pol\u00edticas nacionais j\u00e1 existentes, como a nova legisla\u00e7\u00e3o que determina que, a partir de 1\u00ba de janeiro de 2026, 45% dos recursos da merenda escolar devem ser destinados \u00e0 compra de alimentos da agricultura familiar local (Lei n\u00ba 15.226\/2025).<br><br>Temos mecanismos importantes no Brasil, mas precisamos fazer com que eles saiam do papel. \u00c9 fundamental pressionar o poder p\u00fablico para que sejam implementados de fato, e para que o Brasil assuma um papel de lideran\u00e7a nas discuss\u00f5es da COP sobre alimenta\u00e7\u00e3o como pol\u00edtica clim\u00e1tica, um tema que ainda n\u00e3o recebe a centralidade necess\u00e1ria nas negocia\u00e7\u00f5es internacionais.<br><br>Seguimos na constru\u00e7\u00e3o coletiva para que comida, territ\u00f3rio e clima caminhem juntos nas decis\u00f5es que moldam o nosso futuro.<\/p>","protected":false},"excerpt":{"rendered":"<p>No \u00faltimo dia 11, durante a COP30, a \u00c9nois esteve presente no Bel\u00e9m+10, encontro realizado em parceria com o Instituto Mapinguari e o Sustentarea. Nossa gerente do Laborat\u00f3rio \u00c9nois, Jessica Mota, integrou a mesa de debate para compartilhar aprendizados do Prato Firmeza Amaz\u00f4nia. A conversa trouxe reflex\u00f5es potentes sobre como alimenta\u00e7\u00e3o e clima s\u00e3o agendas [&hellip;]<\/p>\n","protected":false},"author":3,"featured_media":2653,"comment_status":"closed","ping_status":"open","sticky":false,"template":"","format":"standard","meta":{"footnotes":""},"categories":[2,6],"tags":[],"class_list":["post-2652","post","type-post","status-publish","format-standard","has-post-thumbnail","hentry","category-institucional","category-projetos"],"_links":{"self":[{"href":"https:\/\/dev.enois.org\/en\/wp-json\/wp\/v2\/posts\/2652","targetHints":{"allow":["GET"]}}],"collection":[{"href":"https:\/\/dev.enois.org\/en\/wp-json\/wp\/v2\/posts"}],"about":[{"href":"https:\/\/dev.enois.org\/en\/wp-json\/wp\/v2\/types\/post"}],"author":[{"embeddable":true,"href":"https:\/\/dev.enois.org\/en\/wp-json\/wp\/v2\/users\/3"}],"replies":[{"embeddable":true,"href":"https:\/\/dev.enois.org\/en\/wp-json\/wp\/v2\/comments?post=2652"}],"version-history":[{"count":0,"href":"https:\/\/dev.enois.org\/en\/wp-json\/wp\/v2\/posts\/2652\/revisions"}],"wp:featuredmedia":[{"embeddable":true,"href":"https:\/\/dev.enois.org\/en\/wp-json\/wp\/v2\/media\/2653"}],"wp:attachment":[{"href":"https:\/\/dev.enois.org\/en\/wp-json\/wp\/v2\/media?parent=2652"}],"wp:term":[{"taxonomy":"category","embeddable":true,"href":"https:\/\/dev.enois.org\/en\/wp-json\/wp\/v2\/categories?post=2652"},{"taxonomy":"post_tag","embeddable":true,"href":"https:\/\/dev.enois.org\/en\/wp-json\/wp\/v2\/tags?post=2652"}],"curies":[{"name":"wp","href":"https:\/\/api.w.org\/{rel}","templated":true}]}}