{"id":2684,"date":"2026-02-25T13:49:34","date_gmt":"2026-02-25T16:49:34","guid":{"rendered":"https:\/\/enois.org\/?p=2684"},"modified":"2026-02-25T13:49:34","modified_gmt":"2026-02-25T16:49:34","slug":"2026-chegou-copa-eleicoes-com-ia-e-voce-ja-esta-sentindo-os-desafios-deste-ano","status":"publish","type":"post","link":"https:\/\/dev.enois.org\/en\/2026-chegou-copa-eleicoes-com-ia-e-voce-ja-esta-sentindo-os-desafios-deste-ano\/","title":{"rendered":"2026 chegou. Copa, elei\u00e7\u00f5es com IA\u2026 e voc\u00ea j\u00e1 est\u00e1 sentindo os desafios deste ano?"},"content":{"rendered":"<p>N\u00e3o \u00e9 novidade que este \u00e9 um ano que j\u00e1 come\u00e7ou desafiador para a comunica\u00e7\u00e3o e para comunicadores das periferias do Brasil. Todos os dias, esses profissionais constroem, tijolo por tijolo, uma comunica\u00e7\u00e3o que forma opini\u00e3o p\u00fablica em seus territ\u00f3rios e sustenta a democracia no cotidiano.<\/p>\n\n\n\n<p>Apesar de ser uma palavra muito presente no discurso, a democracia ainda carrega fragilidades profundas. A aus\u00eancia de informa\u00e7\u00f5es que impactam diretamente a vida nos territ\u00f3rios \u2014 em um pa\u00eds onde&nbsp;<a href=\"https:\/\/abraji.org.br\/noticias\/30-milhoes-de-pessoas-vivem-em-desertos-de-noticia-mostra-atlas-da-noticia-2-0\">30 milh\u00f5es de pessoas vivem em desertos de not\u00edcias<\/a>&nbsp;\u2014 cria um cen\u00e1rio f\u00e9rtil para a desinforma\u00e7\u00e3o. As consequ\u00eancias s\u00e3o graves e recaem, sobretudo, sobre quem sustenta este pa\u00eds: o povo.<\/p>\n\n\n\n<p>Em 2026, esse contexto se intensifica. O ano \u00e9 marcado por elei\u00e7\u00f5es gerais e por um ambiente informacional cada vez mais complexo. Segundo o&nbsp;<a href=\"https:\/\/www.senado.leg.br\/institucional\/datasenado\/relatorio_online\/pesquisa_fake_news\/2024\/interativo.html\">DataSenado, sete em cada dez brasileiros j\u00e1 tiveram contato com alguma not\u00edcia falsa<\/a>. Com o avan\u00e7o da Intelig\u00eancia Artificial, o volume de v\u00eddeos e imagens manipuladas cresce assustadoramente, tornando ainda mais dif\u00edcil distinguir o que \u00e9 real. Informar as comunidades, nesse cen\u00e1rio, se torna um dos maiores desafios da comunica\u00e7\u00e3o da ponta.<\/p>\n\n\n\n<p>Por aqui, na \u00c9nois, temos apostado em novas formas de combater a desinforma\u00e7\u00e3o e ampliar o acesso \u00e0 informa\u00e7\u00e3o. Uma dessas estrat\u00e9gias \u00e9 o projeto&nbsp;<strong><a href=\"https:\/\/www.youtube.com\/watch?v=E9TjnfhD8Wg&amp;list=PLhkWZx0gxkbg6tZ8x-WwJfu4E8TKmofW9&amp;index=4\">Arte \u00e9 Informa\u00e7\u00e3o<\/a><\/strong>, que reconhece a arte como linguagem potente de comunica\u00e7\u00e3o popular. Apenas no ano passado, a iniciativa formou e interagiu com mais de 100 artistas, comunicadores, lideran\u00e7as e produtores culturais de cinco periferias da cidade de S\u00e3o Paulo (SP).<\/p>\n\n\n\n<figure class=\"wp-block-image size-large\"><img loading=\"lazy\" decoding=\"async\" width=\"1024\" height=\"768\" src=\"https:\/\/dev.enois.org\/wp-content\/uploads\/sites\/18\/2026\/02\/image-1-1024x768.png\" alt=\"\" class=\"wp-image-2688\" srcset=\"https:\/\/dev.enois.org\/wp-content\/uploads\/2026\/02\/image-1-1024x768.png 1024w, https:\/\/dev.enois.org\/wp-content\/uploads\/2026\/02\/image-1-300x225.png 300w, https:\/\/dev.enois.org\/wp-content\/uploads\/2026\/02\/image-1-768x576.png 768w, https:\/\/dev.enois.org\/wp-content\/uploads\/2026\/02\/image-1.png 1456w\" sizes=\"auto, (max-width: 1024px) 100vw, 1024px\" \/><\/figure>\n\n\n\n<p><strong>12 de julho de 2025 &#8211; Turma de pessoas trans do Arte \u00e9 Informa\u00e7\u00e3o, no Graja\u00fa (SP)<\/strong><br><br>O objetivo \u00e9 informar a partir das linguagens que as popula\u00e7\u00f5es j\u00e1 produzem. Seja por meio de um som, de um grafite ou de uma fotografia, a arte se torna ferramenta de mobiliza\u00e7\u00e3o, di\u00e1logo e fortalecimento da democracia.<\/p>\n\n\n\n<p>Em 2026, ano eleitoral, essa estrat\u00e9gia ganha ainda mais centralidade ao manter no foco do debate p\u00fablico temas estruturantes como sistemas alimentares, justi\u00e7a clim\u00e1tica e justi\u00e7a social. Essa abordagem tamb\u00e9m se conecta ao\u00a0<strong><a href=\"https:\/\/pratofirmeza.com.br\/\">Prato Firmeza<\/a><\/strong>, ampliando o olhar para outros biomas, como o resultado do Prato Firmeza Amaz\u00f4nia, e tra\u00e7ando outras possibilidades de articula\u00e7\u00e3o e mobiliza\u00e7\u00e3o coletiva.<\/p>\n\n\n\n<figure class=\"wp-block-image size-large\"><img loading=\"lazy\" decoding=\"async\" width=\"1024\" height=\"683\" src=\"https:\/\/dev.enois.org\/wp-content\/uploads\/sites\/18\/2026\/02\/image-2-1024x683.png\" alt=\"\" class=\"wp-image-2689\" srcset=\"https:\/\/dev.enois.org\/wp-content\/uploads\/2026\/02\/image-2-1024x683.png 1024w, https:\/\/dev.enois.org\/wp-content\/uploads\/2026\/02\/image-2-300x200.png 300w, https:\/\/dev.enois.org\/wp-content\/uploads\/2026\/02\/image-2-768x512.png 768w, https:\/\/dev.enois.org\/wp-content\/uploads\/2026\/02\/image-2.png 1456w\" sizes=\"auto, (max-width: 1024px) 100vw, 1024px\" \/><\/figure>\n\n\n\n<p><strong>25 de outubro de 2025 &#8211; Lan\u00e7amento do Prato Firmeza Amaz\u00f4nia, que uniu arte, alimenta\u00e7\u00e3o e clima, em Manaus (MA)<\/strong><\/p>\n\n\n\n<p>A \u00c9nois tem se consolidado como uma fomentadora e articuladora de redes de comunica\u00e7\u00e3o perif\u00e9rica em todo o Brasil. Nosso compromisso \u00e9 fortalecer iniciativas que prestam servi\u00e7os essenciais \u00e0s suas comunidades, garantindo que a comunica\u00e7\u00e3o tenha condi\u00e7\u00f5es m\u00ednimas de atua\u00e7\u00e3o, com estrutura, recursos e equipes capazes de prestar informa\u00e7\u00f5es de interesse p\u00fablico com continuidade e responsabilidade.<\/p>\n\n\n\n<figure class=\"wp-block-image size-large\"><img loading=\"lazy\" decoding=\"async\" width=\"1024\" height=\"768\" src=\"https:\/\/dev.enois.org\/wp-content\/uploads\/sites\/18\/2026\/02\/image-3-1024x768.png\" alt=\"\" class=\"wp-image-2690\" srcset=\"https:\/\/dev.enois.org\/wp-content\/uploads\/2026\/02\/image-3-1024x768.png 1024w, https:\/\/dev.enois.org\/wp-content\/uploads\/2026\/02\/image-3-300x225.png 300w, https:\/\/dev.enois.org\/wp-content\/uploads\/2026\/02\/image-3-768x576.png 768w, https:\/\/dev.enois.org\/wp-content\/uploads\/2026\/02\/image-3.png 1456w\" sizes=\"auto, (max-width: 1024px) 100vw, 1024px\" \/><\/figure>\n\n\n\n<p><strong>Equipe de colaboradores fixos da \u00c9nois<\/strong><\/p>\n\n\n\n<p>Em 2025, esse compromisso se traduziu em resultados concretos: foram 90 pessoas contratadas em todo o Brasil; mais de 70% das pessoas contratadas s\u00e3o pretas, pardas ou ind\u00edgenas, e mais de 55% s\u00e3o mulheres. S\u00e3o essas profissionais que tornam poss\u00edvel o exerc\u00edcio coletivo da cidadania e seguem construindo democracia a partir dos territ\u00f3rios. Em um cen\u00e1rio de tantos desafios, \u00e9 fundamental seguir abrindo trilhas para garantir condi\u00e7\u00f5es dignas de trabalho para comunicadores e artistas perif\u00e9ricos, assegurando sustentabilidade, cuidado e longevidade para quem informa o pa\u00eds.<\/p>\n\n\n\n<p>O Relat\u00f3rio Institucional da \u00c9nois 2025, que estar\u00e1 dispon\u00edvel ainda esta semana no&nbsp;<a href=\"https:\/\/dev.enois.org\/en\/transparencia\/\">site da \u00c9nois<\/a>, re\u00fane as a\u00e7\u00f5es, aprendizados e caminhos trilhados ao longo do \u00faltimo ano, al\u00e9m de nos provocar a seguir fortalecendo perspectivas para 2026. Em um ano decisivo para o Brasil, reafirmamos nossa miss\u00e3o: fortalecer a comunica\u00e7\u00e3o comunit\u00e1ria brasileira, apoiar quem informa a partir dos territ\u00f3rios e apostar na comunica\u00e7\u00e3o como pr\u00e1tica fundamental para a garantia de direitos.<\/p>","protected":false},"excerpt":{"rendered":"<p>N\u00e3o \u00e9 novidade que este \u00e9 um ano que j\u00e1 come\u00e7ou desafiador para a comunica\u00e7\u00e3o e para comunicadores das periferias do Brasil. Todos os dias, esses profissionais constroem, tijolo por tijolo, uma comunica\u00e7\u00e3o que forma opini\u00e3o p\u00fablica em seus territ\u00f3rios e sustenta a democracia no cotidiano. Apesar de ser uma palavra muito presente no discurso, [&hellip;]<\/p>\n","protected":false},"author":4,"featured_media":2685,"comment_status":"open","ping_status":"open","sticky":false,"template":"","format":"standard","meta":{"footnotes":""},"categories":[7,2,4],"tags":[9,10,11,12,13],"class_list":["post-2684","post","type-post","status-publish","format-standard","has-post-thumbnail","hentry","category-enews","category-institucional","category-rede","tag-democracia","tag-eleicoes","tag-enois","tag-ia","tag-jornalismolocal"],"_links":{"self":[{"href":"https:\/\/dev.enois.org\/en\/wp-json\/wp\/v2\/posts\/2684","targetHints":{"allow":["GET"]}}],"collection":[{"href":"https:\/\/dev.enois.org\/en\/wp-json\/wp\/v2\/posts"}],"about":[{"href":"https:\/\/dev.enois.org\/en\/wp-json\/wp\/v2\/types\/post"}],"author":[{"embeddable":true,"href":"https:\/\/dev.enois.org\/en\/wp-json\/wp\/v2\/users\/4"}],"replies":[{"embeddable":true,"href":"https:\/\/dev.enois.org\/en\/wp-json\/wp\/v2\/comments?post=2684"}],"version-history":[{"count":0,"href":"https:\/\/dev.enois.org\/en\/wp-json\/wp\/v2\/posts\/2684\/revisions"}],"wp:featuredmedia":[{"embeddable":true,"href":"https:\/\/dev.enois.org\/en\/wp-json\/wp\/v2\/media\/2685"}],"wp:attachment":[{"href":"https:\/\/dev.enois.org\/en\/wp-json\/wp\/v2\/media?parent=2684"}],"wp:term":[{"taxonomy":"category","embeddable":true,"href":"https:\/\/dev.enois.org\/en\/wp-json\/wp\/v2\/categories?post=2684"},{"taxonomy":"post_tag","embeddable":true,"href":"https:\/\/dev.enois.org\/en\/wp-json\/wp\/v2\/tags?post=2684"}],"curies":[{"name":"wp","href":"https:\/\/api.w.org\/{rel}","templated":true}]}}