{"id":2693,"date":"2026-03-03T10:32:25","date_gmt":"2026-03-03T13:32:25","guid":{"rendered":"https:\/\/enois.org\/?p=2693"},"modified":"2026-03-03T10:32:25","modified_gmt":"2026-03-03T13:32:25","slug":"com-o-arte-e-informacao-enois-seleciona-10-artistas-para-processo-imersivo-sobre-alimentacao-e-clima-nas-periferias-de-sao-paulo","status":"publish","type":"post","link":"https:\/\/dev.enois.org\/en\/com-o-arte-e-informacao-enois-seleciona-10-artistas-para-processo-imersivo-sobre-alimentacao-e-clima-nas-periferias-de-sao-paulo\/","title":{"rendered":"Com o Arte \u00e9 Informa\u00e7\u00e3o, \u00c9nois seleciona 10 artistas para processo imersivo sobre alimenta\u00e7\u00e3o e clima nas periferias de S\u00e3o Paulo"},"content":{"rendered":"<p>A \u00c9nois anuncia as 10 pessoas selecionadas para a edi\u00e7\u00e3o 2026 do <strong>Arte \u00e9 Informa\u00e7\u00e3o<\/strong>, processo imersivo que acontece entre mar\u00e7o e maio e promove o encontro, a troca e a cria\u00e7\u00e3o colaborativa entre artistas de diferentes regi\u00f5es da cidade de S\u00e3o Paulo.<\/p>\n\n\n\n<p>A <a href=\"https:\/\/docs.google.com\/document\/d\/1ibkw2GQGP2QMqzmYpP1gfX3Zi3jD0IWUnQI6Iy6lh24\/edit?usp=sharing\">chamada p\u00fablica<\/a> recebeu 30 inscri\u00e7\u00f5es de pessoas artistas, articuladoras culturais e comunicadoras interessadas em investigar, por meio da arte, as rela\u00e7\u00f5es entre alimenta\u00e7\u00e3o, clima e territ\u00f3rio. Foram escolhidas propostas com linguagens diversas, que abordam os temas da soberania alimentar e da justi\u00e7a clim\u00e1tica de forma complementar. 50% das pessoas selecionadas s\u00e3o trans.<\/p>\n\n\n\n<p>O <strong>Arte \u00e9 Informa\u00e7\u00e3o<\/strong> \u00e9 um programa formativo e criativo que parte da premissa de que a informa\u00e7\u00e3o pode, e deve, atravessar outros campos para al\u00e9m do jornalismo. Seu objetivo \u00e9 fortalecer pessoas artistas e comunicadoras perif\u00e9ricas como produtoras de conhecimento, articulando arte, comunica\u00e7\u00e3o e territ\u00f3rio para refletir sobre temas estruturais como justi\u00e7a clim\u00e1tica e soberania alimentar.<\/p>\n\n\n\n<p>Durante tr\u00eas meses, as pessoas selecionadas participam de encontros formativos online e presenciais, desenvolvem seus trabalhos autorais de forma coletiva e constroem uma programa\u00e7\u00e3o p\u00fablica que ser\u00e1 realizada nos dias 23 e 24 de maio de 2026, simultaneamente \u00e0 Virada Cultural de S\u00e3o Paulo.<\/p>\n\n\n\n<p>A curadoria e forma\u00e7\u00e3o do Arte \u00e9 Informa\u00e7\u00e3o 2026 \u00e9 conduzida por Cal. Natural de Pernambuco, com uma trajet\u00f3ria de quase 20 anos, constr\u00f3i ao longo dos \u00faltimos 10 anos, proposi\u00e7\u00f5es que aproximam vizinhan\u00e7as para uma a\u00e7\u00e3o mais curiosa, consciente e criativa do cotidiano. Faz isso por meio da plataforma &#8220;criando costumes&#8221;, onde re\u00fane suas experimenta\u00e7\u00f5es art\u00edsticas, e da cria\u00e7\u00e3o do espa\u00e7o C\u00c0\u00c8 &#8211; Casa Ateli\u00ea Escola, que aconteceu ao longo desses anos em S\u00e3o Paulo e que desde 2025, est\u00e1 sediado em Olinda, Pernambuco.\u00a0 Assistiu, coordenou, dirigiu e co-criou obras, oficinas e programas educativos, em diversas institui\u00e7\u00f5es, entre elas o MAM (Rio de Janeiro), MAMAM (S\u00e3o Paulo), Sesc (S\u00e3o Paulo), MoMA PS1 (Nova Iorque) e Sharjah Biennial (Emirados \u00c1rabes). Tem premia\u00e7\u00f5es por suas obras e dire\u00e7\u00f5es art\u00edsticas, sendo uma delas o Pr\u00eamio Itamaraty de Arte Contempor\u00e2nea, recebido em 2013. Possui obras em cole\u00e7\u00f5es p\u00fablicas e atualmente vive em Nova Iorque.<\/p>\n\n\n\n<p>O processo inclui ainda a produ\u00e7\u00e3o de uma publica\u00e7\u00e3o coordenada pela \u00c9nois sobre como artistas mobilizam informa\u00e7\u00e3o e ampliam as fronteiras da comunica\u00e7\u00e3o popular.<\/p>\n\n\n\n<p><strong>Um percurso iniciado em 2025<\/strong><\/p>\n\n\n\n<p><a href=\"https:\/\/dev.enois.org\/en\/blog\/arte-periferica-e-comunicacao-popular-caminham-juntas\/\">O Arte \u00e9 Informa\u00e7\u00e3o foi realizado pela primeira vez em 2025<\/a> como um ciclo formativo nos bairros da Brasil\u00e2ndia, Graja\u00fa, Parais\u00f3polis e S\u00e3o Mateus.<\/p>\n\n\n\n<p>Na primeira edi\u00e7\u00e3o, artistas e comunicadores refletiram sobre crise clim\u00e1tica, racismo ambiental, direitos b\u00e1sicos e produ\u00e7\u00e3o de informa\u00e7\u00e3o nas periferias. As forma\u00e7\u00f5es abordaram tanto aspectos t\u00e9cnicos, como portf\u00f3lio e posicionamento profissional, quanto dimens\u00f5es pol\u00edticas da arte enquanto estrat\u00e9gia de comunica\u00e7\u00e3o comunit\u00e1ria.<\/p>\n\n\n\n<p>A edi\u00e7\u00e3o de 2026 d\u00e1 seguimento na articula\u00e7\u00e3o com os bairros da edi\u00e7\u00e3o anterior, aprofundando as reflex\u00f5es e avan\u00e7ando para um processo pr\u00e1tico, com o desenvolvimento de trabalhos autorais destinados \u00e0s comunidades locais por meio de uma programa\u00e7\u00e3o p\u00fablica.<\/p>\n\n\n\n<p>O Arte \u00e9 Informa\u00e7\u00e3o em S\u00e3o Paulo acontece por meio da parceria com organiza\u00e7\u00f5es que j\u00e1 atuam de forma estruturante em suas comunidades.<br><br>Na Brasil\u00e2ndia, a parceria \u00e9 com <a href=\"https:\/\/opipa.org\/\">O PiPa<\/a>, iniciativa que atua nas \u00e1reas do brincar, arte, cultura e educa\u00e7\u00e3o n\u00e3o formal. No Graja\u00fa, com o <a href=\"https:\/\/www.instagram.com\/travasdasul\/\">Travas da Sul<\/a>, organiza\u00e7\u00e3o que promove a\u00e7\u00f5es de apoio \u00e0 popula\u00e7\u00e3o LGBTrans, especialmente em \u00e1reas perif\u00e9ricas, desenvolvendo redes de acolhimento e mobiliza\u00e7\u00e3o social.<\/p>\n\n\n\n<p>Em Parais\u00f3polis, temos uma dupla parceria, com o Est\u00fadio 7 Notas, espa\u00e7o que produz artistas e MCs do territ\u00f3rio, realiza v\u00eddeos, reportagens e a\u00e7\u00f5es que conectam cultura e jornalismo; e com a <a href=\"https:\/\/www.instagram.com\/favelartegaleriasuburbana\/\">Favelarte Galeria Suburbana<\/a>, primeira galeria de arte de Parais\u00f3polis, espa\u00e7o de encontro, forma\u00e7\u00e3o e circula\u00e7\u00e3o de produ\u00e7\u00f5es culturais do territ\u00f3rio.<\/p>\n\n\n\n<p>Em S\u00e3o Mateus, com o <a href=\"https:\/\/www.saomateusemmovimento.com.br\/\">S\u00e3o Mateus em Movimento<\/a>, projeto que tem como objetivo transformar a realidade local por meio de iniciativas culturais, educacionais, ecol\u00f3gicas e sociais.<\/p>\n\n\n\n<h2 class=\"wp-block-heading\"><strong>Conhe\u00e7a as pessoas selecionadas para o Arte \u00e9 Informa\u00e7\u00e3o 2026<\/strong><\/h2>\n\n\n\n<h3 class=\"wp-block-heading\"><strong>Ac\u00e2n Santos Sim\u00f5es<\/strong><\/h3>\n\n\n\n<p>Produtor cultural e profissional do audiovisual atuante na zona sul de S\u00e3o Paulo, com experi\u00eancia em edi\u00e7\u00e3o de \u00e1udio e produ\u00e7\u00e3o de projetos culturais. Sua proposta articula audiovisual e territ\u00f3rio para refletir sobre alimenta\u00e7\u00e3o e clima.<\/p>\n\n\n\n<h3 class=\"wp-block-heading\"><strong>Adler da Silva Martins (Coala)<\/strong><\/h3>\n\n\n\n<p>Multiartista da Zona Leste (S\u00e3o Mateus), m\u00fasico, poeta e produtor cultural com forte atua\u00e7\u00e3o territorial. Sua proposta utiliza poesia falada e performance para abordar justi\u00e7a clim\u00e1tica e alimenta\u00e7\u00e3o.<\/p>\n\n\n\n<h3 class=\"wp-block-heading\"><strong>Bru Matias Martins Silva (Bruxa Livre)<\/strong><\/h3>\n\n\n\n<p>Produtore cultural, artista visual e arte-educadore que conecta arte, natureza e cuidado comunit\u00e1rio. Sua proposta articula arte urbana e educa\u00e7\u00e3o para fortalecer autonomia e consci\u00eancia ambiental.<\/p>\n\n\n\n<h3 class=\"wp-block-heading\"><strong>Helena Pandora Cruz de Souza<\/strong><\/h3>\n\n\n\n<p>Artista e produtora cultural com trajet\u00f3ria nas artes visuais e gest\u00e3o cultural, integrante da Travas da Sul. Sua proposta envolve cria\u00e7\u00e3o coletiva e conscientiza\u00e7\u00e3o clim\u00e1tica no territ\u00f3rio.<\/p>\n\n\n\n<h3 class=\"wp-block-heading\"><strong>Hermeson de Morais (Ticano)<\/strong><\/h3>\n\n\n\n<p>Articulador cultural e comunicador de Parais\u00f3polis, criador do Favela Podcast e idealizador da Favelarte Galeria Suburbana. Sua proposta articula exposi\u00e7\u00e3o e participa\u00e7\u00e3o comunit\u00e1ria para discutir clima e direito \u00e0 cidade.<\/p>\n\n\n\n<h3 class=\"wp-block-heading\"><strong>Iranir Cardoso Diniz (Yra)<\/strong><\/h3>\n\n\n\n<p>Cantora, compositora e bacharel em Direito, atuante na intersec\u00e7\u00e3o entre cultura e justi\u00e7a social. Sua proposta utiliza instala\u00e7\u00e3o art\u00edstica e participa\u00e7\u00e3o p\u00fablica para refletir sobre o direito \u00e0 alimenta\u00e7\u00e3o.<\/p>\n\n\n\n<h3 class=\"wp-block-heading\"><strong>Ludimile Aparecida da Silva<\/strong><\/h3>\n\n\n\n<p>Fot\u00f3grafa e articuladora territorial dedicada \u00e0 mem\u00f3ria perif\u00e9rica. Sua proposta realiza mapeamento visual de iniciativas de seguran\u00e7a alimentar.<\/p>\n\n\n\n<h3 class=\"wp-block-heading\"><strong>Nath\u00e1lia Ract da Silva<\/strong><\/h3>\n\n\n\n<p>Artista e jornalista com atua\u00e7\u00e3o em projetos comunit\u00e1rios ligados \u00e0 alimenta\u00e7\u00e3o e juventude. Sua proposta destaca trabalhadoras da alimenta\u00e7\u00e3o e a comida como for\u00e7a comunit\u00e1ria.<\/p>\n\n\n\n<h3 class=\"wp-block-heading\"><strong>Pedro Salvador<\/strong><\/h3>\n\n\n\n<p>Fot\u00f3grafo e realizador audiovisual do Graja\u00fa, com pesquisa voltada ao cotidiano perif\u00e9rico. Sua proposta investiga como as periferias sustentam a vida em tempos de crise clim\u00e1tica.<\/p>\n\n\n\n<h3 class=\"wp-block-heading\"><strong>Pyxu\u00e1 R. de Castro<\/strong><\/h3>\n\n\n\n<p>Artista e articuladore que conecta arte, mem\u00f3ria e justi\u00e7a social em redes perif\u00e9ricas. Sua proposta articula narrativa audiovisual e publica\u00e7\u00e3o independente sobre migra\u00e7\u00e3o e clima.<\/p>\n\n\n\n<h2 class=\"wp-block-heading\"><strong>N\u00e3o foi selecionada(o)? Participe das forma\u00e7\u00f5es abertas do Arte \u00e9 Informa\u00e7\u00e3o<\/strong><\/h2>\n\n\n\n<p>Como parte do programa, o Arte \u00e9 Informa\u00e7\u00e3o oferecer\u00e1 quatro forma\u00e7\u00f5es online abertas ao p\u00fablico, voltadas \u00e0 amplia\u00e7\u00e3o de t\u00e9cnicas e conhecimentos em produ\u00e7\u00e3o cultural.<\/p>\n\n\n\n<ul class=\"wp-block-list\">\n<li><em>Produ\u00e7\u00e3o cultural &#8211; <\/em>04\/03 (quarta) \u2013 19h30 \u00e0s 22h<\/li>\n\n\n\n<li><em>Escrita de projetos &#8211; <\/em>11\/03 (quarta) \u2013 19h30 \u00e0s 22h<\/li>\n\n\n\n<li><em>Or\u00e7amento de projetos &#8211; <\/em>18\/03 (quarta) \u2013 19h30 \u00e0s 22h<\/li>\n\n\n\n<li><em>O que \u00e9 um espa\u00e7o expositivo? &#8211; <\/em>25\/03 (quarta) \u2013 19h30 \u00e0s 22h<\/li>\n<\/ul>\n\n\n\n<p>Ser\u00e3o disponibilizadas <strong>50 bolsas no valor total de R$ 100<\/strong>, destinadas a pessoas que participarem integralmente dos quatro encontros.<\/p>\n\n\n\n<p>Para conhecer mais detalhes sobre os crit\u00e9rios de recebimento das bolsas e participar das forma\u00e7\u00f5es, entre no grupo oficial no WhatsApp: <a href=\"https:\/\/chat.whatsapp.com\/ByGT3lFO8YpL2c256M6Uwr\">https:\/\/chat.whatsapp.com\/ByGT3lFO8YpL2c256M6Uwr<\/a><\/p>\n\n\n\n\n\n<figure class=\"wp-block-image\"><img loading=\"lazy\" decoding=\"async\" width=\"1456\" height=\"1048\" src=\"https:\/\/dev.enois.org\/wp-content\/uploads\/sites\/18\/2026\/03\/ArteEInformacao-1.png\" alt=\"\" class=\"wp-image-2699\" srcset=\"https:\/\/dev.enois.org\/wp-content\/uploads\/2026\/03\/ArteEInformacao-1.png 1456w, https:\/\/dev.enois.org\/wp-content\/uploads\/2026\/03\/ArteEInformacao-1-300x216.png 300w, https:\/\/dev.enois.org\/wp-content\/uploads\/2026\/03\/ArteEInformacao-1-1024x737.png 1024w, https:\/\/dev.enois.org\/wp-content\/uploads\/2026\/03\/ArteEInformacao-1-768x553.png 768w\" sizes=\"auto, (max-width: 1456px) 100vw, 1456px\" \/><\/figure>","protected":false},"excerpt":{"rendered":"<p>A \u00c9nois anuncia as 10 pessoas selecionadas para a edi\u00e7\u00e3o 2026 do Arte \u00e9 Informa\u00e7\u00e3o, processo imersivo que acontece entre mar\u00e7o e maio e promove o encontro, a troca e a cria\u00e7\u00e3o colaborativa entre artistas de diferentes regi\u00f5es da cidade de S\u00e3o Paulo. A chamada p\u00fablica recebeu 30 inscri\u00e7\u00f5es de pessoas artistas, articuladoras culturais e [&hellip;]<\/p>\n","protected":false},"author":4,"featured_media":2699,"comment_status":"open","ping_status":"open","sticky":false,"template":"","format":"standard","meta":{"footnotes":""},"categories":[2,6,4],"tags":[14,15,16,17],"class_list":["post-2693","post","type-post","status-publish","format-standard","has-post-thumbnail","hentry","category-institucional","category-projetos","category-rede","tag-arte-e-informacao","tag-comunicacao","tag-jornalismo","tag-producao-cultural"],"_links":{"self":[{"href":"https:\/\/dev.enois.org\/en\/wp-json\/wp\/v2\/posts\/2693","targetHints":{"allow":["GET"]}}],"collection":[{"href":"https:\/\/dev.enois.org\/en\/wp-json\/wp\/v2\/posts"}],"about":[{"href":"https:\/\/dev.enois.org\/en\/wp-json\/wp\/v2\/types\/post"}],"author":[{"embeddable":true,"href":"https:\/\/dev.enois.org\/en\/wp-json\/wp\/v2\/users\/4"}],"replies":[{"embeddable":true,"href":"https:\/\/dev.enois.org\/en\/wp-json\/wp\/v2\/comments?post=2693"}],"version-history":[{"count":0,"href":"https:\/\/dev.enois.org\/en\/wp-json\/wp\/v2\/posts\/2693\/revisions"}],"wp:featuredmedia":[{"embeddable":true,"href":"https:\/\/dev.enois.org\/en\/wp-json\/wp\/v2\/media\/2699"}],"wp:attachment":[{"href":"https:\/\/dev.enois.org\/en\/wp-json\/wp\/v2\/media?parent=2693"}],"wp:term":[{"taxonomy":"category","embeddable":true,"href":"https:\/\/dev.enois.org\/en\/wp-json\/wp\/v2\/categories?post=2693"},{"taxonomy":"post_tag","embeddable":true,"href":"https:\/\/dev.enois.org\/en\/wp-json\/wp\/v2\/tags?post=2693"}],"curies":[{"name":"wp","href":"https:\/\/api.w.org\/{rel}","templated":true}]}}